{"id":960,"date":"2011-01-21T19:33:39","date_gmt":"2011-01-21T17:33:39","guid":{"rendered":"http:\/\/www.cinefast.com\/?p=960"},"modified":"2011-01-21T19:33:39","modified_gmt":"2011-01-21T17:33:39","slug":"quelques-millions-dannees-et-deux-jours","status":"publish","type":"post","link":"https:\/\/www.cinefast.com\/?p=960","title":{"rendered":"Quelques millions d&rsquo;ann\u00e9es&#8230; Et deux jours&#8230;"},"content":{"rendered":"<p>C&rsquo;est le genre d&rsquo;anecdotes qui fait le sel du CineFaster : en tout cas dans notre vie num\u00e9rique, truff\u00e9e de technologies&#8230;<\/p>\n<p>Je tombe l&rsquo;autre jour sur <strong>Voyage Aux Origines De La Terre<\/strong>, un docudrama du genre de ceux que je fuis habituellement, mais celui-ci est tr\u00e8s beau, et sur une sujet qui m&rsquo;int\u00e9resse : la cr\u00e9ation (- 4,6 millions d&rsquo;ann\u00e9es), puis l&rsquo;\u00e9volution jusqu\u2019\u00e0 l&rsquo;arriv\u00e9e de l&rsquo;<em>homo sapiens <\/em>(-10 000 ans) de notre ch\u00e8re plan\u00e8te. C&rsquo;est pas mal, un peu tonitruant, un peu m\u00e9lodramatique, mais int\u00e9ressant&#8230; Mais voil\u00e0, j&rsquo;ai rat\u00e9 le d\u00e9but, et je n&rsquo;aime pas voir des bouts de films.<\/p>\n<p>Je me mets alors en chasse de tout ce que le XXI\u00e8me si\u00e8cle a mis a notre port\u00e9e pour nous \u00e9viter ces d\u00e9sagr\u00e9ments. D&rsquo;abord, la <em>catch-up TV <\/em>: sur <em>Pluzz<\/em>, le service de rattrapage de France T\u00e9l\u00e9visions, pas de <strong>Voyage Aux Origines De La Terre <\/strong>\u00e0 l&rsquo;horizon. Internet : <a href=\"http:\/\/www.france5.fr\/\">le site de France 5<\/a> propose bien le film, mais quand on clique, pas de <strong>Voyage Aux Origines De La Terre<\/strong>, sans trop d&rsquo;explications&#8230; Sauf une indication : prochaine diffusion  le samedi 15 janvier 2011 \u00e0 22:02. Bon, tr\u00e8s bien. On s&rsquo;appr\u00eate \u00e0 noter tout \u00e7a dans le <em>Blackberry Agenda Outlook Gmail <\/em>avec Rappel de Priorit\u00e9 1, quand miracle ! le site nous propose \u00ab d\u2019\u00eatre averti(e) par email \u00bb. On s&rsquo;inscrit donc bien volontiers en laissant notre adresse. <\/p>\n<p>Pendant quelques semaines, pourtant, l&rsquo;id\u00e9e flotte dans notre esprit : \u00ab <em>C&rsquo;est quand que ca repasse, le bouzin avec les m\u00e9t\u00e9orites en images de synth\u00e8se ?<\/em> \u00bb<\/p>\n<p>Et l\u00e0, bingo, en zappant l&rsquo;autre soir, on tombe dessus par hasard ! Et pile au m\u00eame endroit ! Encore rat\u00e9 ! <\/p>\n<p>C&rsquo;est deux jours apr\u00e8s que survient la kafka\u00efenne, et n\u00e9anmoins high tech, conclusion d&rsquo;usage\u2026  Je re\u00e7ois le mail suivant : <\/p>\n<p>\u00ab <em>Bonjour, Nous vous rappelons que le documentaire Voyage Aux Origines De La Terre sera diffus\u00e9 le samedi 15 janvier 2011 \u00e0 22:02 <\/em> \u00bb<\/p>\n<p>Un mail dat\u00e9&#8230; du 17 janvier. <\/p>\n","protected":false},"excerpt":{"rendered":"<p>C&rsquo;est le genre d&rsquo;anecdotes qui fait le sel du CineFaster : en tout cas dans notre vie num\u00e9rique, truff\u00e9e de technologies&#8230; Je tombe l&rsquo;autre jour sur Voyage Aux Origines De La Terre, un docudrama du genre de ceux que je fuis habituellement, mais celui-ci est tr\u00e8s beau, et sur une sujet qui m&rsquo;int\u00e9resse : la [&hellip;]<\/p>\n","protected":false},"author":4,"featured_media":0,"comment_status":"open","ping_status":"open","sticky":false,"template":"","format":"standard","meta":{"footnotes":""},"categories":[8],"tags":[],"class_list":["post-960","post","type-post","status-publish","format-standard","hentry","category-le-professor-a-toujours-quelque-chose-a-dire"],"_links":{"self":[{"href":"https:\/\/www.cinefast.com\/index.php?rest_route=\/wp\/v2\/posts\/960","targetHints":{"allow":["GET"]}}],"collection":[{"href":"https:\/\/www.cinefast.com\/index.php?rest_route=\/wp\/v2\/posts"}],"about":[{"href":"https:\/\/www.cinefast.com\/index.php?rest_route=\/wp\/v2\/types\/post"}],"author":[{"embeddable":true,"href":"https:\/\/www.cinefast.com\/index.php?rest_route=\/wp\/v2\/users\/4"}],"replies":[{"embeddable":true,"href":"https:\/\/www.cinefast.com\/index.php?rest_route=%2Fwp%2Fv2%2Fcomments&post=960"}],"version-history":[{"count":1,"href":"https:\/\/www.cinefast.com\/index.php?rest_route=\/wp\/v2\/posts\/960\/revisions"}],"predecessor-version":[{"id":961,"href":"https:\/\/www.cinefast.com\/index.php?rest_route=\/wp\/v2\/posts\/960\/revisions\/961"}],"wp:attachment":[{"href":"https:\/\/www.cinefast.com\/index.php?rest_route=%2Fwp%2Fv2%2Fmedia&parent=960"}],"wp:term":[{"taxonomy":"category","embeddable":true,"href":"https:\/\/www.cinefast.com\/index.php?rest_route=%2Fwp%2Fv2%2Fcategories&post=960"},{"taxonomy":"post_tag","embeddable":true,"href":"https:\/\/www.cinefast.com\/index.php?rest_route=%2Fwp%2Fv2%2Ftags&post=960"}],"curies":[{"name":"wp","href":"https:\/\/api.w.org\/{rel}","templated":true}]}}