{"id":7108,"date":"2025-11-19T00:18:02","date_gmt":"2025-11-18T23:18:02","guid":{"rendered":"https:\/\/www.cinefast.com\/?p=7108"},"modified":"2025-11-19T00:18:02","modified_gmt":"2025-11-18T23:18:02","slug":"5-septembre","status":"publish","type":"post","link":"https:\/\/www.cinefast.com\/?p=7108","title":{"rendered":"5 septembre"},"content":{"rendered":"\n<p>On a une aversion particuli\u00e8re ici pour les films qui ne r\u00e9fl\u00e9chissent pas. C&rsquo;est le cas de C\u00e9dric Jimenez, qui filmait en 2017 Reinhard Heydrich, l\u2019un des pires bourreaux nazis, comme le h\u00e9ros de son histoire <strong><a href=\"https:\/\/www.cinefast.com\/?p=4732\">HHhH<\/a><\/strong>, et finissait par inqui\u00e9ter le spectateur sur le sort du pauvre <em>Gruppenf\u00fchrer<\/em>, qui, mon dieu, allait peut-\u00eatre mourir de ses blessures\u00a0!<\/p>\n\n\n\n<p>C&rsquo;est aussi le probl\u00e8me de <strong>5 septembre<\/strong>, r\u00e9alis\u00e9 par Tim Fehlbaum, un gars qu&rsquo;on ne conna\u00eet pas, mais qui filme sans r\u00e9fl\u00e9chir le massacre de <em>Septembre Noir<\/em>, une organisation terroriste palestinienne qui tua 11 athl\u00e8tes Isra\u00e9liens aux JO de Munich. En l&rsquo;occurrence, Fehlbaum s\u2019int\u00e9resse \u00e0 autre chose\u00a0: les journalistes sportifs d\u2019ABC qui se retrouvent \u00e0 couvrir &#8211; en direct et par hasard &#8211; l\u2019un des pires \u00e9v\u00e8nements des ann\u00e9es 70\u2026<\/p>\n\n\n\n<p>A l&rsquo;\u00e9cole du sc\u00e9nario, on explique qu&rsquo;il faut poser des enjeux au d\u00e9but et les r\u00e9soudre pendant le film\u2026 Les enjeux de <strong>5 septembre<\/strong>\u00a0sont simples\u00a0: les journalistes d\u2019ABC arriveront ils \u00e0 couvrir cet \u00e9v\u00e8nement\u00a0? Pourront ils n\u00e9gocier suffisamment de temps satellite pour assurer le direct\u00a0? R\u00e9cup\u00e9reront ils \u00e0 temps les bandes\u00a0? \u00a0Y aura-t-il assez de c\u00e2ble\u00a0pour leurs cameras\u00a0? C\u2019est \u00e9videmment ridicule face \u00e0 la vraie trag\u00e9die qui s\u2019annonce\u2026 Cette dramaturgie futile en devient obsc\u00e8ne. Un documentaire aurait \u00e9t\u00e9 parfait. <\/p>\n\n\n\n<p>Oui, il y a des films \u00e0 ne pas faire\u2026<\/p>\n\n\n\n<p><\/p>\n","protected":false},"excerpt":{"rendered":"<p>On a une aversion particuli\u00e8re ici pour les films qui ne r\u00e9fl\u00e9chissent pas. C&rsquo;est le cas de C\u00e9dric Jimenez, qui filmait en 2017 Reinhard Heydrich, l\u2019un des pires bourreaux nazis, comme le h\u00e9ros de son histoire HHhH, et finissait par inqui\u00e9ter le spectateur sur le sort du pauvre Gruppenf\u00fchrer, qui, mon dieu, allait peut-\u00eatre mourir [&hellip;]<\/p>\n","protected":false},"author":4,"featured_media":0,"comment_status":"open","ping_status":"open","sticky":false,"template":"","format":"standard","meta":{"footnotes":""},"categories":[5,4,8,3],"tags":[],"class_list":["post-7108","post","type-post","status-publish","format-standard","hentry","category-a-votre-vod","category-breves-de-bobines","category-le-professor-a-toujours-quelque-chose-a-dire","category-les-films"],"_links":{"self":[{"href":"https:\/\/www.cinefast.com\/index.php?rest_route=\/wp\/v2\/posts\/7108","targetHints":{"allow":["GET"]}}],"collection":[{"href":"https:\/\/www.cinefast.com\/index.php?rest_route=\/wp\/v2\/posts"}],"about":[{"href":"https:\/\/www.cinefast.com\/index.php?rest_route=\/wp\/v2\/types\/post"}],"author":[{"embeddable":true,"href":"https:\/\/www.cinefast.com\/index.php?rest_route=\/wp\/v2\/users\/4"}],"replies":[{"embeddable":true,"href":"https:\/\/www.cinefast.com\/index.php?rest_route=%2Fwp%2Fv2%2Fcomments&post=7108"}],"version-history":[{"count":1,"href":"https:\/\/www.cinefast.com\/index.php?rest_route=\/wp\/v2\/posts\/7108\/revisions"}],"predecessor-version":[{"id":7109,"href":"https:\/\/www.cinefast.com\/index.php?rest_route=\/wp\/v2\/posts\/7108\/revisions\/7109"}],"wp:attachment":[{"href":"https:\/\/www.cinefast.com\/index.php?rest_route=%2Fwp%2Fv2%2Fmedia&parent=7108"}],"wp:term":[{"taxonomy":"category","embeddable":true,"href":"https:\/\/www.cinefast.com\/index.php?rest_route=%2Fwp%2Fv2%2Fcategories&post=7108"},{"taxonomy":"post_tag","embeddable":true,"href":"https:\/\/www.cinefast.com\/index.php?rest_route=%2Fwp%2Fv2%2Ftags&post=7108"}],"curies":[{"name":"wp","href":"https:\/\/api.w.org\/{rel}","templated":true}]}}