{"id":7,"date":"2005-06-23T17:18:30","date_gmt":"2005-06-23T15:18:30","guid":{"rendered":"http:\/\/cinefirst.jeka.fr\/?p=7"},"modified":"2008-07-10T15:07:38","modified_gmt":"2008-07-10T13:07:38","slug":"la-valse-a-trois-temps","status":"publish","type":"post","link":"https:\/\/www.cinefast.com\/?p=7","title":{"rendered":"La Valse \u00e0 Trois Temps"},"content":{"rendered":"<p>Vous faites (probablement) partie comme moi des quelques lecteurs de <em>Lib\u00e9ration<\/em>, journal dont le tirage est inf\u00e9rieur au <em>T\u00e9l\u00e9gramme de Brest<\/em>, mais, pour ce qui nous occupe, bien plus influent que son coll\u00e8gue breton. Vous lisez, avec un plaisir certain, la critique cin\u00e9ma dudit quotidien, dont vous avez parfois du mal \u00e0 suivre la politique r\u00e9dactionnelle. Ca tombe bien : cette chronique est faite pour vous. <\/p>\n<p>Rappelons le contexte : le lecteur de <em>Lib\u00e9<\/em> :<\/p>\n<ul>\n<li>lit <em>Le Parisien<\/em> en cachette (c\u2019est simple \u00e0 lire, et souvent instructif) <\/li>\n<li>n\u2019a pas le Droit Moral de lire <em>Le Figaro<\/em> <\/li>\n<li>n\u2019a pas besoin de lire <em>Le Monde<\/em> (pas assez branch\u00e9 et, dans le fond, trop long \u00e0 lire et \u00e9crit trop petit de toutes fa\u00e7ons)<\/li>\n<li>ach\u00e8te <em>T\u00e9l\u00e9rama<\/em> (le journal des gens qui disent qu\u2019ils ne regardent pas la t\u00e9l\u00e9)<\/li>\n<\/ul>\n<p>Conscient des attentes de la cible, les critiques de <em>Lib\u00e9<\/em> appliquent, peut-\u00eatre \u00e0 leur insu, une politique maison vieille comme la veste \u00e0 velours c\u00f4tel\u00e9e de Serge July. Nom de code : la Valse \u00e0 Trois Temps. Cette politique est bas\u00e9e sur un constat marketing simple. Le lecteur de Lib\u00e9 veut se distinguer. Il ach\u00e8te Lib\u00e9 pour se donner un genre, pour dire les choses simplement. En cons\u00e9quence, la critique cin\u00e9ma de Lib\u00e9 doit refl\u00e9ter cette vision d\u00e9cal\u00e9e du monde, et propose des chroniques souvent rigolotes mais au go\u00fbt extr\u00eamement changeant. Le but n\u2019est pas d\u2019avoir un avis, mais bien d\u2019\u00eatre \u00e0 l\u2019avant-garde du troupeau. C\u2019est l\u00e0 qu\u2019intervient la Valse \u00e0 Trois Temps. <\/p>\n<p><strong>1er Temps : Etre A L\u2019avant-Garde<\/strong><br \/>\nFacile. <em>L\u2019Officiel des Spectacles <\/em>regorge de chefs d\u2019\u0153uvre improbables, de provenances exotiques. Suffit de piocher. Plus le nom du pays est impronon\u00e7able, meilleur est le film : Lib\u00e9 nous d\u00e9niche donc, avec une rare r\u00e9gularit\u00e9, des Ozu iraniens, des Kubrick ouzbeks, et des Woody Allen finlandais. Un film am\u00e9ricain ou espagnol \u00e9quivalent ne recueillerait que du m\u00e9pris. Peu importe, cela permet une posture avantageuse : \u00ab <em>Je vous ai d\u00e9couvert une petite merveille au Festival d\u2019Amiens <\/em>\u00bb. Par d\u00e9finition, aucun cin\u00e9phile moyen n\u2019a la possibilit\u00e9 d\u2019en faire autant.<br \/>\nAutre source intarissable : le cin\u00e9ma am\u00e9ricain ind\u00e9pendant. Exemple type : Hal Hartley*. Si Lib\u00e9 le d\u00e9couvre en premier, ce gar\u00e7on a toutes les chances d\u2019avoir une double page dans l\u2019\u00e9dition de mercredi.** <\/p>\n<p><strong>2\u00e8me temps : La Confirmation<\/strong><br \/>\nDifficile. Le public, docile, va voir la petite merveille. Contrit, il se dit que d\u00e9cid\u00e9ment, s\u2019il y a un deuxi\u00e8me film, \u00e7a doit \u00eatre bon. Il s\u2019y rend donc comme un seul homme. Exercice casse-gueule pour le Critique-de-Lib\u00e9. En dire du bien, ce n\u2019est plus \u00eatre \u00e0 l\u2019avant garde (puisque Le Figaro doit en dire du bien, logiquement).  En dire du mal est risqu\u00e9\u2026 Le Critique-de-Lib\u00e9 fait souvent dans l\u2019autosatisfaction lors du 2\u00e8me Temps de la Valse : \u00ab <em>ON VOUS L\u2019AVAIT BIEN DIT : Hal Hartley Abbas Kiarostami Aki Kaurismaki (rayez la mention inutile) est bien le Woody Allen de sa g\u00e9n\u00e9ration\u2026<\/em> \u00bb<\/p>\n<p><strong>3\u00e8me temps : Le Reniement<\/strong><br \/>\nAssez facile. Avec un peu de chance, notre po\u00e8te finlandais est devenu c\u00e9l\u00e8bre, il a peut-\u00eatre gagn\u00e9 une Palme dans les Alpes-Maritimes, ou une page dans Le Monde. Il est temps pour le Critique-de-Lib\u00e9 de passer en DefCon One. L\u2019heure du massacre a sonn\u00e9 : le po\u00e8te finlandais s\u2019est fourvoy\u00e9, le talent a disparu, le cin\u00e9ma iranien est \u00ab <em>surfait <\/em>\u00bb, etc. Dans ces moments-l\u00e0, le ridicule ne tue pas. A titre d\u2019exemple, Lib\u00e9 avait consacr\u00e9 trois pages au chef-d\u2019\u0153uvre \u00ab <strong>Susie et les Baker Boys <\/strong>\u00bb \u00e0 sa sortie. Trois ans plus tard, lors de son passage sur les cha\u00eenes hertziennes, le critique \u00e9crivait sans rire : \u00ab <em>\u00e0 l\u2019\u00e9poque, nous ne nous \u00e9tions pas g\u00ean\u00e9s pour dire les faiblesses de ce petit film sympathique <\/em>\u00bb.<\/p>\n<p>Un conclusion s\u2019impose : au lieu de transformer votre quotidien favori en liti\u00e8re pour chat, je ne saurais trop vous conseiller d\u2019archiver soigneusement la critique cin\u00e9ma. Je vous garantis, r\u00e9trospectivement, quelques moments de franche rigolade\u2026<\/p>\n<p><em>*que j\u2019aime beaucoup, par ailleurs<\/p>\n<p>** dans le m\u00eame souci de snobisme, T\u00e9l\u00e9rama et le Canard Encha\u00een\u00e9, sont tr\u00e8s bien plac\u00e9s. Quelques exemples, tir\u00e9s de ma collection personnelle :<br \/>\n&#8211; Le Canard conseillait d\u2019aller voir <strong>Rocky IV <\/strong>(et avait d\u00e9moli <strong>Les Aventuriers de l\u2019Arche Perdue<\/strong>)<br \/>\n&#8211; Le m\u00eame Canard a d\u00e9moli <strong>Vanilla Sky<\/strong>, \u00ab un film bavard, d\u00e9lay\u00e9 \u00bb lui pr\u00e9f\u00e9rant le \u00ab rigoureux (sic)\u00bb <strong>Ouvre les yeux<\/strong>. Le film am\u00e9ricain \u00e9tait peut \u00eatre une copie \u00e9hont\u00e9e, il am\u00e9liorait le sc\u00e9nario lourdingue de son mod\u00e8le espagnol.<br \/>\n&#8211; T\u00e9l\u00e9rama, qui gr\u00e2ce \u00e0 sa fabuleuse politique centriste du \u00ab Pour-Contre \u00bb, a bott\u00e9 depuis longtemps le d\u00e9bat en touche<\/em><\/p>\n","protected":false},"excerpt":{"rendered":"<p>Vous faites (probablement) partie comme moi des quelques lecteurs de Lib\u00e9ration, journal dont le tirage est inf\u00e9rieur au T\u00e9l\u00e9gramme de Brest, mais, pour ce qui nous occupe, bien plus influent que son coll\u00e8gue breton. Vous lisez, avec un plaisir certain, la critique cin\u00e9ma dudit quotidien, dont vous avez parfois du mal \u00e0 suivre la politique [&hellip;]<\/p>\n","protected":false},"author":4,"featured_media":0,"comment_status":"open","ping_status":"open","sticky":false,"template":"","format":"standard","meta":{"footnotes":""},"categories":[8],"tags":[],"class_list":["post-7","post","type-post","status-publish","format-standard","hentry","category-le-professor-a-toujours-quelque-chose-a-dire"],"_links":{"self":[{"href":"https:\/\/www.cinefast.com\/index.php?rest_route=\/wp\/v2\/posts\/7","targetHints":{"allow":["GET"]}}],"collection":[{"href":"https:\/\/www.cinefast.com\/index.php?rest_route=\/wp\/v2\/posts"}],"about":[{"href":"https:\/\/www.cinefast.com\/index.php?rest_route=\/wp\/v2\/types\/post"}],"author":[{"embeddable":true,"href":"https:\/\/www.cinefast.com\/index.php?rest_route=\/wp\/v2\/users\/4"}],"replies":[{"embeddable":true,"href":"https:\/\/www.cinefast.com\/index.php?rest_route=%2Fwp%2Fv2%2Fcomments&post=7"}],"version-history":[{"count":0,"href":"https:\/\/www.cinefast.com\/index.php?rest_route=\/wp\/v2\/posts\/7\/revisions"}],"wp:attachment":[{"href":"https:\/\/www.cinefast.com\/index.php?rest_route=%2Fwp%2Fv2%2Fmedia&parent=7"}],"wp:term":[{"taxonomy":"category","embeddable":true,"href":"https:\/\/www.cinefast.com\/index.php?rest_route=%2Fwp%2Fv2%2Fcategories&post=7"},{"taxonomy":"post_tag","embeddable":true,"href":"https:\/\/www.cinefast.com\/index.php?rest_route=%2Fwp%2Fv2%2Ftags&post=7"}],"curies":[{"name":"wp","href":"https:\/\/api.w.org\/{rel}","templated":true}]}}