{"id":6964,"date":"2025-06-02T23:39:45","date_gmt":"2025-06-02T21:39:45","guid":{"rendered":"https:\/\/www.cinefast.com\/?p=6964"},"modified":"2025-06-02T23:39:45","modified_gmt":"2025-06-02T21:39:45","slug":"les-larmes-de-marquinhos","status":"publish","type":"post","link":"https:\/\/www.cinefast.com\/?p=6964","title":{"rendered":"Les larmes de Marquinhos"},"content":{"rendered":"\n<p>Le sport se nourrit de larmes. Les larmes de la trag\u00e9die, \u00e9videmment\u00a0; celles du perdant et celles du gagnant, qui disent qu&rsquo;au bout de la souffrance il y a la victoire. Le drame alimente le sport depuis l\u2019antiquit\u00e9. Une trag\u00e9die de 9 secondes 58 sur 100m, ou de trois semaines sur le Tour de France.<\/p>\n\n\n\n<p>Hier les larmes sont arriv\u00e9es \u00e0 la 89\u00e8me minute. Marquinhos, capitaine du Paris-Saint Germain, savait qu&rsquo;il n\u2019\u00e9tait plus n\u00e9cessaire d\u2019attendre le coup de sifflet final pour rel\u00e2cher douze ans de pression. 5-0, la messe \u00e9tait dite, et Paris vaut bien une messe.<\/p>\n\n\n\n<p>Marquinhos pleurait sa souffrance, ses humiliations, ses doutes. Arriv\u00e9 \u00e0 19 ans, \u00ab&nbsp;Marqui&nbsp;\u00bb n\u2019avait jamais quitt\u00e9 le club, malgr\u00e9 les all\u00e9chantes propositions, malgr\u00e9 les quolibets.<\/p>\n\n\n\n<p>A la fin du match, il s&rsquo;est jet\u00e9 dans les bras de Kimpembe, un joueur mis opportun\u00e9ment sur la feuille de match par Luis Enrique, contre toute logique sportive. Kimpembe, bless\u00e9, n&rsquo;a en effet pas jou\u00e9 une seule seconde de cette Ligue des Champions. Mais il fait partie de l\u2019histoire, et \u00e7a, Enrique, le coach\/r\u00e9alisateur de ce blockbuster le sait.  <\/p>\n\n\n\n<p>Kimpembe\/Marquinhos, deux losers en larmes, parce qu&rsquo;ils savent qu&rsquo;ils viennent des tr\u00e9fonds de la d\u00e9faite\u00a0: une main stupide et Kimpembe offre le penalty \u00e0 Manchester United (2019) ; les erreurs d\u00e9fensives de Marqui contre Madrid (2022), et le tripl\u00e9 de Benzema\u00a0: remontada du Real.<\/p>\n\n\n\n<p>3 ans, 6 ans, c\u2019est une \u00e9ternit\u00e9, mais le sport, c&rsquo;est avant tout une histoire, des histoires. Nous pleurions avec ces deux-l\u00e0 samedi. Pas tant pour une victoire jou\u00e9e d&rsquo;avance contre une \u00e9quipe \u00e9puis\u00e9e, offerte en sacrifice expiatoire \u00e0 une bande de tueurs au meilleur de leur forme&nbsp;: 5-0 n&rsquo;\u00e9tait que le r\u00e9sultat obligatoire de l&rsquo;\u00e9quation.<\/p>\n\n\n\n<p>Non, nous pleurions comme tous les supporters du PSG, parce que nous avions souffert comme eux pendant toutes ces ann\u00e9es de disette. Pleur\u00e9 devant les injustices, les calomnies des footeux et la connerie des footix, pleur\u00e9 devant les d\u00e9ceptions aussi. Mais supporter un club, c\u2019est le supporter dans tous les sens du terme, dans la d\u00e9faite comme dans la victoire. Car la seule chose qui compte v\u00e9ritablement, c&rsquo;est de <em>ressentir\u00a0<\/em>; le sport, le cin\u00e9ma, sont faits pour \u00e7a.<\/p>\n\n\n\n<p>Comme une histoire d\u2019amour, qui ne finira jamais.<\/p>\n","protected":false},"excerpt":{"rendered":"<p>Le sport se nourrit de larmes. Les larmes de la trag\u00e9die, \u00e9videmment\u00a0; celles du perdant et celles du gagnant, qui disent qu&rsquo;au bout de la souffrance il y a la victoire. Le drame alimente le sport depuis l\u2019antiquit\u00e9. Une trag\u00e9die de 9 secondes 58 sur 100m, ou de trois semaines sur le Tour de France. [&hellip;]<\/p>\n","protected":false},"author":4,"featured_media":0,"comment_status":"open","ping_status":"open","sticky":false,"template":"","format":"standard","meta":{"footnotes":""},"categories":[8,2],"tags":[],"class_list":["post-6964","post","type-post","status-publish","format-standard","hentry","category-le-professor-a-toujours-quelque-chose-a-dire","category-les-gens"],"_links":{"self":[{"href":"https:\/\/www.cinefast.com\/index.php?rest_route=\/wp\/v2\/posts\/6964","targetHints":{"allow":["GET"]}}],"collection":[{"href":"https:\/\/www.cinefast.com\/index.php?rest_route=\/wp\/v2\/posts"}],"about":[{"href":"https:\/\/www.cinefast.com\/index.php?rest_route=\/wp\/v2\/types\/post"}],"author":[{"embeddable":true,"href":"https:\/\/www.cinefast.com\/index.php?rest_route=\/wp\/v2\/users\/4"}],"replies":[{"embeddable":true,"href":"https:\/\/www.cinefast.com\/index.php?rest_route=%2Fwp%2Fv2%2Fcomments&post=6964"}],"version-history":[{"count":1,"href":"https:\/\/www.cinefast.com\/index.php?rest_route=\/wp\/v2\/posts\/6964\/revisions"}],"predecessor-version":[{"id":6965,"href":"https:\/\/www.cinefast.com\/index.php?rest_route=\/wp\/v2\/posts\/6964\/revisions\/6965"}],"wp:attachment":[{"href":"https:\/\/www.cinefast.com\/index.php?rest_route=%2Fwp%2Fv2%2Fmedia&parent=6964"}],"wp:term":[{"taxonomy":"category","embeddable":true,"href":"https:\/\/www.cinefast.com\/index.php?rest_route=%2Fwp%2Fv2%2Fcategories&post=6964"},{"taxonomy":"post_tag","embeddable":true,"href":"https:\/\/www.cinefast.com\/index.php?rest_route=%2Fwp%2Fv2%2Ftags&post=6964"}],"curies":[{"name":"wp","href":"https:\/\/api.w.org\/{rel}","templated":true}]}}