{"id":6886,"date":"2025-03-11T17:48:11","date_gmt":"2025-03-11T16:48:11","guid":{"rendered":"https:\/\/www.cinefast.com\/?p=6886"},"modified":"2025-03-11T18:59:44","modified_gmt":"2025-03-11T17:59:44","slug":"jaccuse","status":"publish","type":"post","link":"https:\/\/www.cinefast.com\/?p=6886","title":{"rendered":"J&rsquo;Accuse"},"content":{"rendered":"\n<p>Pour une fois, ce n&rsquo;est pas un oubli. Si, \u00e0 l&rsquo;\u00e9poque, on n\u2019a pas chroniqu\u00e9 <strong>J\u2019Accuse<\/strong>, c&rsquo;est que le film \u00e9tait transparent, \u00e0 tel point qu&rsquo;on se demandait en le regardant hier sur France3, si on l&rsquo;avait vraiment vu. <strong>J\u2019Accuse<\/strong>, c\u2019est s\u00fbrement le pire film de Polanski, d\u2019habitude grand cin\u00e9aste, mais d\u00e9bord\u00e9 ici par sa volont\u00e9 p\u00e9dagogique, et il faut le dire, une mise en sc\u00e8ne fain\u00e9ante.<\/p>\n\n\n\n<p>Mais, maladie du cin\u00e9phile, apr\u00e8s la lecture d\u2019un mauvais livre offert par la Dame de Bourges, fine Dreyfusarde*, et l&rsquo;\u00e9coute d&rsquo;un excellent podcast **, on a envie de revoir le film. On le cherche partout, mais hors de question de payer 8,99\u20ac pour voir le chef d&rsquo;\u0153uvre, et voil\u00e0 que les dieux du zapping nous le proposent sur France 3.<\/p>\n\n\n\n<p>Bon, le film est toujours affreusement moche. Recoloris\u00e9 en rouge et vert intenses, comme si Polanski avait tourn\u00e9 sans chef op\u00e9rateur***, et tout retravaill\u00e9 en post-production. Cette odieuse CGI transforme aussi sans talent des rues r\u00e9elles en Paris d\u2019\u00e9poque. Seuls les d\u00e9cors, reconstitutions d&rsquo;appartement 1900 magnifiquement \u00e9clair\u00e9s par les fen\u00eatres sauvent la direction artistique. La mise en sc\u00e8ne est d\u2019une fain\u00e9antise absolue, comme ce proc\u00e8s d&rsquo;Emile Zola o\u00f9 Polanski fait venir \u00e0 la barre les diff\u00e9rents antagonistes, dans un ridicule achev\u00e9. Polanski veut faire \u0153uvre p\u00e9dagogique sur l\u2019antis\u00e9mitisme, notamment en filmant la campagne contre Zola comme les autodaf\u00e9s de la <em>Nuit de Cristal<\/em>, mais 1\/ il survole son sujet et 2\/ la b\u00eatise de l\u2019arm\u00e9e semble plus l\u2019int\u00e9resser.<\/p>\n\n\n\n<p>Car pour le reste &#8211; et malgr\u00e9 un <em>cast <\/em>impressionnant**** &#8211; les com\u00e9diens sont cantonn\u00e9s \u00e0 des caricatures de vieilles badernes de l&rsquo;arm\u00e9e fran\u00e7aise, ob\u00e9issants et imb\u00e9ciles. Un seul sort du lot, Gr\u00e9gory Gadebois en commandant Henry, le seul qui cherche \u00e0 sortir son personnage de la banalit\u00e9.<\/p>\n\n\n\n<p>Le bon point du film est de ne pas faire un film sur Dreyfus, mais sur le commandant Picquart, le vrai-faux h\u00e9ros de l\u2019Affaire. Picquart, on l&rsquo;a confi\u00e9 \u00e0 Jean Dujardin, qui cherche d\u00e9sesp\u00e9r\u00e9ment LE grand r\u00f4le s\u00e9rieux qui le sortira des com\u00e9dies o\u00f9 il excelle. Ce n&rsquo;est pas encore celui-l\u00e0. Dujardin veut faire le mec, se la joue viril et coinc\u00e9, ce qui n&rsquo;est pas son genre de beaut\u00e9. Il devrait apporter au r\u00f4le sa nature profonde, un peu d\u2019ironie dujardinienne. A chaque fois qu&rsquo;il le fait, \u00e7a marche plut\u00f4t bien\u2026 Mais, limit\u00e9 par son talent dramatique, corset\u00e9 par (le manque de) mise en sc\u00e8ne, born\u00e9 par des dialogues tr\u00e8s faibles, Dujardin ne peut gu\u00e8re faire plus. <\/p>\n\n\n\n<p>R\u00f4le compliqu\u00e9, en v\u00e9rit\u00e9 : Dreyfus fut sauv\u00e9 par un commandant antis\u00e9mite qui ne l&rsquo;aimait pas beaucoup, mais dont, pourtant, la haute conception de l&rsquo;Arm\u00e9e et de la R\u00e9publique le fit s&rsquo;insurger contre une erreur judiciaire. Pour autant, Picquart ne fut pas un h\u00e9ros total : quand on lui donn\u00e2t l&rsquo;ordre d\u2019abandonner l&rsquo;enqu\u00eate, il ob\u00e9it. Et ne sortit du bois que parce qu&rsquo;il eut le sentiment que sa propre vie \u00e9tait en danger. <\/p>\n\n\n\n<p>Le c\u0153ur du film \u00e9tait l\u00e0, dans le paradoxe de l\u2019affaire : condamn\u00e9 par une arm\u00e9e antis\u00e9mite, Dreyfus fut sauv\u00e9 par un antis\u00e9mite. La dialectique entre un Capitaine qui refusait d&rsquo;\u00eatre une victime, ne croyait qu\u2019en son innocence et \u00e0 la possibilit\u00e9 d\u2019une justice impartiale, face \u00e0 un antis\u00e9mite \u00e0 la fois courageux et veule. Dreyfus est pourtant pr\u00e9sent\u00e9 comme falot, avec en face, Picquart, le \u00ab&nbsp;h\u00e9ros&nbsp;\u00bb du film  contraint et forc\u00e9. C&rsquo;est le c\u0153ur de cet affrontement qu&rsquo;il fallait filmer, cette ambig\u00fcit\u00e9 qu&rsquo;il fallait d\u00e9nouer. Polanski \u00e9tait le cin\u00e9aste parfait pour \u00e7a, sur le papier. Malheureusement le cin\u00e9aste du <strong>Pianiste <\/strong>n\u2019en fait rien, et filme son <em>docudrama <\/em>sans c\u0153ur \u00e0 l\u2019ouvrage, jusqu&rsquo;\u00e0 la derni\u00e8re sc\u00e8ne, seule bonne r\u00e9plique du film. Picquart, devenu ministre, agr\u00e9e que tout cela ne serait jamais arriv\u00e9 sans Dreyfus. Qui lui r\u00e9plique, cinglant : \u00ab <em>Vous n&rsquo;avez fait<\/em> que <em>votre devoir<\/em> \u00bb.<\/p>\n\n\n\n<p><em>* <\/em>Le faux ami du capitaine Dreyfus<em>, Philippe Oriol<\/em><br \/><a href=\"https:\/\/www.radiofrance.fr\/franceinter\/podcasts\/serie-alfred-dreyfus-le-combat-de-la-republique\">*<em>* Alfred Dreyfus, le combat de la R\u00e9publique, de Philippe Collin <\/em><\/a><br \/><em>*** Pas de bol, c&rsquo;est Pawe? Edelman, chef op&rsquo; attitr\u00e9 de Polanski (<strong>Le Pianiste, Ghost Writer<\/strong>\u2026), mais aussi <strong>Ray, Lee Miller<\/strong>\u2026<\/em><br \/><em>**** Jean Dujardin, Louis Garrel, Emmanuelle Seigner, Gr\u00e9gory Gadebois, Didier Sandre, Melvil Poupaud, \u00c9ric Ruf, Mathieu Amalric, Laurent Stocker, Vincent Perez, Michel Vuillermoz, Denis Podalyd\u00e8s, Damien Bonnard\u2026<\/em><\/p>\n","protected":false},"excerpt":{"rendered":"<p>Pour une fois, ce n&rsquo;est pas un oubli. Si, \u00e0 l&rsquo;\u00e9poque, on n\u2019a pas chroniqu\u00e9 J\u2019Accuse, c&rsquo;est que le film \u00e9tait transparent, \u00e0 tel point qu&rsquo;on se demandait en le regardant hier sur France3, si on l&rsquo;avait vraiment vu. J\u2019Accuse, c\u2019est s\u00fbrement le pire film de Polanski, d\u2019habitude grand cin\u00e9aste, mais d\u00e9bord\u00e9 ici par sa [&hellip;]<\/p>\n","protected":false},"author":4,"featured_media":0,"comment_status":"open","ping_status":"open","sticky":false,"template":"","format":"standard","meta":{"footnotes":""},"categories":[5,3],"tags":[],"class_list":["post-6886","post","type-post","status-publish","format-standard","hentry","category-a-votre-vod","category-les-films"],"_links":{"self":[{"href":"https:\/\/www.cinefast.com\/index.php?rest_route=\/wp\/v2\/posts\/6886","targetHints":{"allow":["GET"]}}],"collection":[{"href":"https:\/\/www.cinefast.com\/index.php?rest_route=\/wp\/v2\/posts"}],"about":[{"href":"https:\/\/www.cinefast.com\/index.php?rest_route=\/wp\/v2\/types\/post"}],"author":[{"embeddable":true,"href":"https:\/\/www.cinefast.com\/index.php?rest_route=\/wp\/v2\/users\/4"}],"replies":[{"embeddable":true,"href":"https:\/\/www.cinefast.com\/index.php?rest_route=%2Fwp%2Fv2%2Fcomments&post=6886"}],"version-history":[{"count":15,"href":"https:\/\/www.cinefast.com\/index.php?rest_route=\/wp\/v2\/posts\/6886\/revisions"}],"predecessor-version":[{"id":6902,"href":"https:\/\/www.cinefast.com\/index.php?rest_route=\/wp\/v2\/posts\/6886\/revisions\/6902"}],"wp:attachment":[{"href":"https:\/\/www.cinefast.com\/index.php?rest_route=%2Fwp%2Fv2%2Fmedia&parent=6886"}],"wp:term":[{"taxonomy":"category","embeddable":true,"href":"https:\/\/www.cinefast.com\/index.php?rest_route=%2Fwp%2Fv2%2Fcategories&post=6886"},{"taxonomy":"post_tag","embeddable":true,"href":"https:\/\/www.cinefast.com\/index.php?rest_route=%2Fwp%2Fv2%2Ftags&post=6886"}],"curies":[{"name":"wp","href":"https:\/\/api.w.org\/{rel}","templated":true}]}}