{"id":6774,"date":"2024-12-23T15:36:42","date_gmt":"2024-12-23T14:36:42","guid":{"rendered":"https:\/\/www.cinefast.com\/?p=6774"},"modified":"2025-01-20T17:24:52","modified_gmt":"2025-01-20T16:24:52","slug":"leni-riefenstahl-la-lumiere-et-les-ombres","status":"publish","type":"post","link":"https:\/\/www.cinefast.com\/?p=6774","title":{"rendered":"Leni Riefenstahl, La Lumi\u00e8re et Les Ombres"},"content":{"rendered":"\n<p>Science sans conscience n&rsquo;est que ruine de l&rsquo;\u00e2me. Cin\u00e9ma sans morale n&rsquo;est que ruine de l&rsquo;\u00e2me, \u00e9galement. Voici donc la trag\u00e9die de Leni Riefenstahl, qui, si elle \u00e9tait morte en 1938, ou simplement exil\u00e9e \u00e0 Hollywood, serait devenue l\u2019une des plus grandes ic\u00f4nes du cin\u00e9ma mondial. Danseuse, skieuse, alpiniste, magnifique actrice, g\u00e9niale r\u00e9alisatrice&nbsp;: voil\u00e0 ce qu&rsquo;on aurait retenu de Leni Riefenstahl.<\/p>\n\n\n\n<p>Mais non, elle est rest\u00e9e aupr\u00e8s d&rsquo;Hitler puis a pr\u00e9text\u00e9 qu\u2019elle n&rsquo;y pouvait rien. <strong>La Lumi\u00e8re et les Ombres <\/strong>d\u00e9montre le contraire, \u00e9videmment. Ses contradictions et ses mensonges, et, au c\u0153ur, l\u2019\u00e9go incommensurable d&rsquo;une star\u00a0; une Kim Kardashian des Ann\u00e9es Trente. Leni Riefenstahl ne peut pas \u00e0 la fois \u00eatre un g\u00e9nie et n&rsquo;avoir rien compris de ce qui se passait autour d&rsquo;elle.<\/p>\n\n\n\n<p>Le film le montre tr\u00e8s malignement, \u00e0 base d\u2019interviews d&rsquo;apr\u00e8s-guerre non coup\u00e9s (montrant une Riefenstahl col\u00e9rique et soucieuse de son image), d\u2019extraits de talks-shows, de photos issues de ses archives personnelles, et de <em>making of <\/em>jamais vus jusque-l\u00e0. Le documentaire d\u00e9couvre (comme on \u00f4te un voile) le portrait d&rsquo;une femme obs\u00e9d\u00e9e par l\u2019Art et la Beaut\u00e9, qui ne r\u00e9fl\u00e9chit jamais plus loin. On l\u2019interroge sur le message du <strong>Triomphe de la Volont\u00e9<\/strong>, son pan\u00e9gyrique du congr\u00e8s nazi de 1933 ? Il n&rsquo;y en a pas, moi je filmais simplement ce que je voyais&nbsp;: je filmais le congr\u00e8s, je filmais les Jeux olympiques, je filmais la Pologne en guerre\u2026<\/p>\n\n\n\n<p>Mais c\u2019est comme par hasard sur ce dernier reportage inachev\u00e9 qu\u2019elle d\u00e9missionne. En 1939, elle suit la Wehrmacht dans sa campagne de Pologne. Pour la premi\u00e8re fois, elle est confront\u00e9e non plus \u00e0 la beaut\u00e9, mais \u00e0 la r\u00e9alit\u00e9. Des soldats, des civils se font tuer. Et parfois m\u00eame, selon ce documentaire, \u00e0 cause d\u2019elle. Suite \u00e0 une directive de la cin\u00e9aste \u00ab\u00a0<em>Je ne peux pas filmer, avec tous ces juifs qui sont dans le plan\u00a0<\/em>\u00bb, s\u2019ensuit une m\u00e9prise. Et une fusillade.<\/p>\n\n\n\n<p>Le film se termine par un plan grotesque, mais qui r\u00e9sume sa personnalit\u00e9. Presque centenaire, on l&rsquo;installe dans un fauteuil pour une interview. Grande professionnelle, elle se pr\u00e9occupe du cadre, des \u00e9clairages\u2026 Alors qu&rsquo;elle y voit \u00e0 peine, elle d\u00e9c\u00e8le une ride sur son visage (qui en compte des dizaines), mais cette ride-l\u00e0, il faut absolument l\u2019effacer au maquillage\u2026<\/p>\n\n\n\n<p>Filmer la beaut\u00e9, la perfection. Jusqu&rsquo;au cauchemar.<\/p>\n","protected":false},"excerpt":{"rendered":"<p>Science sans conscience n&rsquo;est que ruine de l&rsquo;\u00e2me. Cin\u00e9ma sans morale n&rsquo;est que ruine de l&rsquo;\u00e2me, \u00e9galement. Voici donc la trag\u00e9die de Leni Riefenstahl, qui, si elle \u00e9tait morte en 1938, ou simplement exil\u00e9e \u00e0 Hollywood, serait devenue l\u2019une des plus grandes ic\u00f4nes du cin\u00e9ma mondial. Danseuse, skieuse, alpiniste, magnifique actrice, g\u00e9niale r\u00e9alisatrice&nbsp;: voil\u00e0 ce [&hellip;]<\/p>\n","protected":false},"author":4,"featured_media":0,"comment_status":"open","ping_status":"open","sticky":false,"template":"","format":"standard","meta":{"footnotes":""},"categories":[15,3,2,7],"tags":[],"class_list":["post-6774","post","type-post","status-publish","format-standard","hentry","category-documentaire","category-les-films","category-les-gens","category-pour-en-finir-avec"],"_links":{"self":[{"href":"https:\/\/www.cinefast.com\/index.php?rest_route=\/wp\/v2\/posts\/6774","targetHints":{"allow":["GET"]}}],"collection":[{"href":"https:\/\/www.cinefast.com\/index.php?rest_route=\/wp\/v2\/posts"}],"about":[{"href":"https:\/\/www.cinefast.com\/index.php?rest_route=\/wp\/v2\/types\/post"}],"author":[{"embeddable":true,"href":"https:\/\/www.cinefast.com\/index.php?rest_route=\/wp\/v2\/users\/4"}],"replies":[{"embeddable":true,"href":"https:\/\/www.cinefast.com\/index.php?rest_route=%2Fwp%2Fv2%2Fcomments&post=6774"}],"version-history":[{"count":3,"href":"https:\/\/www.cinefast.com\/index.php?rest_route=\/wp\/v2\/posts\/6774\/revisions"}],"predecessor-version":[{"id":6821,"href":"https:\/\/www.cinefast.com\/index.php?rest_route=\/wp\/v2\/posts\/6774\/revisions\/6821"}],"wp:attachment":[{"href":"https:\/\/www.cinefast.com\/index.php?rest_route=%2Fwp%2Fv2%2Fmedia&parent=6774"}],"wp:term":[{"taxonomy":"category","embeddable":true,"href":"https:\/\/www.cinefast.com\/index.php?rest_route=%2Fwp%2Fv2%2Fcategories&post=6774"},{"taxonomy":"post_tag","embeddable":true,"href":"https:\/\/www.cinefast.com\/index.php?rest_route=%2Fwp%2Fv2%2Ftags&post=6774"}],"curies":[{"name":"wp","href":"https:\/\/api.w.org\/{rel}","templated":true}]}}