{"id":649,"date":"2010-03-25T19:29:06","date_gmt":"2010-03-25T17:29:06","guid":{"rendered":"http:\/\/www.cinefast.com\/?p=649"},"modified":"2021-12-21T17:41:36","modified_gmt":"2021-12-21T16:41:36","slug":"eloge-de-christian-clavier-le-gachis","status":"publish","type":"post","link":"https:\/\/www.cinefast.com\/?p=649","title":{"rendered":"Eloge de Christian Clavier (le g\u00e2chis)"},"content":{"rendered":"<p>Christian Clavier eut l&rsquo;honneur d&rsquo;\u00eatre dans <a href=\"http:\/\/www.cinefast.com\/?p=2\">la premi\u00e8re chronique de CineFast<\/a>, le 22 juin 2005. Aujourd&rsquo;hui quasi absent des \u00e9crans (ou en tout cas du premier rang), on ne l&rsquo;entend plus que&#8230; tous les matins, sur l&rsquo;antenne d&rsquo;Europe 1, o\u00f9 il vante les m\u00e9rites d&rsquo;une grande cha\u00eene de supermarch\u00e9s.<\/p>\n<p>Grandeur et d\u00e9cadence, me direz-vous ? Loin de l\u00e0, c&rsquo;est souvent les plus grandes stars qui trustent les plus mauvaises pubs. Il faut bien payer la r\u00e9paration de la piscine.<\/p>\n<p>Mais non, ce qui frappe dans ces trente secondes de Clavier, c&rsquo;est l&rsquo;incroyable talent &#8211; g\u00e2ch\u00e9 &#8211; de l\u2019acteur. J&rsquo;en faisais d\u00e9j\u00e0 la remarque dans la chronique sur <a href=\"http:\/\/www.cinefast.com\/?p=353\"><strong>Papy Fait de La R\u00e9sistance<\/strong><\/a> : Clavier est le plus grand comique de sa g\u00e9n\u00e9ration, mais il ne le sait pas (ou il le sait trop !). De fait, il s&rsquo;enferme dans des choix catastrophiques. Dans ses pubs, il arrive pourtant \u00e0 cr\u00e9er une ambiance, une histoire, et \u00e0 ressusciter le personnage de <em>loser<\/em> pr\u00e9tentieux qui a fait sa gloire.<\/p>\n<p>A quand un nouveau Claude Berri pour Christian Clavier ? O\u00f9 est le <strong>Manon des Sources <\/strong>qui transformera Clavier en grand acteur, comme Daniel Auteuil le fut ?<\/p>\n","protected":false},"excerpt":{"rendered":"<p>Christian Clavier eut l&rsquo;honneur d&rsquo;\u00eatre dans la premi\u00e8re chronique de CineFast, le 22 juin 2005. Aujourd&rsquo;hui quasi absent des \u00e9crans (ou en tout cas du premier rang), on ne l&rsquo;entend plus que&#8230; tous les matins, sur l&rsquo;antenne d&rsquo;Europe 1, o\u00f9 il vante les m\u00e9rites d&rsquo;une grande cha\u00eene de supermarch\u00e9s. Grandeur et d\u00e9cadence, me direz-vous ? [&hellip;]<\/p>\n","protected":false},"author":4,"featured_media":0,"comment_status":"open","ping_status":"open","sticky":false,"template":"","format":"standard","meta":{"footnotes":""},"categories":[2],"tags":[],"class_list":["post-649","post","type-post","status-publish","format-standard","hentry","category-les-gens"],"_links":{"self":[{"href":"https:\/\/www.cinefast.com\/index.php?rest_route=\/wp\/v2\/posts\/649","targetHints":{"allow":["GET"]}}],"collection":[{"href":"https:\/\/www.cinefast.com\/index.php?rest_route=\/wp\/v2\/posts"}],"about":[{"href":"https:\/\/www.cinefast.com\/index.php?rest_route=\/wp\/v2\/types\/post"}],"author":[{"embeddable":true,"href":"https:\/\/www.cinefast.com\/index.php?rest_route=\/wp\/v2\/users\/4"}],"replies":[{"embeddable":true,"href":"https:\/\/www.cinefast.com\/index.php?rest_route=%2Fwp%2Fv2%2Fcomments&post=649"}],"version-history":[{"count":2,"href":"https:\/\/www.cinefast.com\/index.php?rest_route=\/wp\/v2\/posts\/649\/revisions"}],"predecessor-version":[{"id":5801,"href":"https:\/\/www.cinefast.com\/index.php?rest_route=\/wp\/v2\/posts\/649\/revisions\/5801"}],"wp:attachment":[{"href":"https:\/\/www.cinefast.com\/index.php?rest_route=%2Fwp%2Fv2%2Fmedia&parent=649"}],"wp:term":[{"taxonomy":"category","embeddable":true,"href":"https:\/\/www.cinefast.com\/index.php?rest_route=%2Fwp%2Fv2%2Fcategories&post=649"},{"taxonomy":"post_tag","embeddable":true,"href":"https:\/\/www.cinefast.com\/index.php?rest_route=%2Fwp%2Fv2%2Ftags&post=649"}],"curies":[{"name":"wp","href":"https:\/\/api.w.org\/{rel}","templated":true}]}}