{"id":6425,"date":"2023-08-22T18:24:58","date_gmt":"2023-08-22T16:24:58","guid":{"rendered":"https:\/\/www.cinefast.com\/?p=6425"},"modified":"2024-06-06T17:58:37","modified_gmt":"2024-06-06T15:58:37","slug":"meurtres-en-pays-cathare","status":"publish","type":"post","link":"https:\/\/www.cinefast.com\/?p=6425","title":{"rendered":"Meurtres en Pays Cathare"},"content":{"rendered":"\n<p>De retour de mission pour l&rsquo;<em>Ahnenerbe<\/em> \u00e0 Monts\u00e9gur afin de trouver le Graal et le code Da Vinci, le Professore se devait de regarder <strong>Meurtres en Pays Cathare<\/strong>, le passionnant <em>cop show<\/em> de France 3, oui les gars qui nous ont donn\u00e9 d\u00e9j\u00e0 <em>Les Myst\u00e8res de l&rsquo;\u00eele<\/em> (\u00e0 l&rsquo;Ile d&rsquo;Aix) et 60 autres meurtres dans toute la France, soit dix saisons au compteur (<em><a href=\"https:\/\/fr.wikipedia.org\/wiki\/Meurtres_%C3%A0...\">wikipedia sic<\/a><\/em>).*<\/p>\n\n\n\n<p>Rappelons le pitch&nbsp;: il s&rsquo;agit de r\u00e9colter le maximum de subventions de la DRAC Occitanie et du Conseil G\u00e9n\u00e9ral de l&rsquo;Ari\u00e8ge en assurant la promotion de ladite r\u00e9gion avec quelques plans pas mal foutus de paysages idylliques. Comme d\u2019habitude, on se fait avoir, trois jolis plans de drone de la r\u00e9gion, le reste en studio, voil\u00e0 des imp\u00f4ts locaux bien utilis\u00e9s\u2026<\/p>\n\n\n\n<p>Quant \u00e0 l\u2019histoire de <strong>Meurtres en Pays Cathare<\/strong>**, elle reste cousue du m\u00eame fil blanc que ses soixante coll\u00e8gues&nbsp;: une jeune fille BLONDE est assassin\u00e9e dans le ch\u00e2teau de Puivert***. A ses c\u00f4t\u00e9s, un jeune trisomique aux mains ensanglant\u00e9es. On vous rassure tout de suite, le jeune trisomique &#8211; bien qu\u2019accus\u00e9 \u00e0 tort &#8211; n&rsquo;est pas le meurtrier****\u2026<\/p>\n\n\n\n<p>Non, ce n&rsquo;est pas lui qui a tu\u00e9, on va le d\u00e9couvrir 1h30 plus tard\u00a0: c&rsquo;est bien la meilleure amie de la victime, maman BRUNE d&rsquo;un jeune gar\u00e7on \u00e0 t\u00eate BLONDE. On nous aura donn\u00e9 quelques indices (7 ou 8 plans sur le gamin avec sa maman qu\u2019a pas les m\u00eames cheveux que son fils). Entre-temps, on aura suivi la <em>fliquette-bonasse-dont-le-fr\u00e8re-trisomique-est-injustement-accus\u00e9<\/em>, le <em>flic-quadra-pas-mal-fait-de-sa-personne-qu\u2019a-une-TSI*****-avec-sa-coll\u00e8gue-malgr\u00e9-qui-sont-pas-d\u2019accord-sur-le-coupable<\/em>, la Fausse Piste 1, la Fausse Piste 2, la Fausse Piste 3, et au bout d&rsquo;une heure, pour relancer int\u00e9r\u00eat, la Fausse Piste 4, \u00e0 savoir la Fliquette qui se trouvait pas loin du crime, <em>dis-donc-comme-de-par-hasard-mais-en-fait-non-c&rsquo;est-pas-elle<\/em>******.<\/p>\n\n\n\n<p>Bref Alfred Hitchcock n&rsquo;a qu&rsquo;\u00e0 bien se tenir. Demain, on parle d&rsquo;une autre petite dramatique sans pr\u00e9tention : <strong>Voyage au Bout de l&rsquo;Enfer<\/strong>. <\/p>\n\n\n\n<p>* <em><a href=\"https:\/\/www.sudouest.fr\/culture\/programmes-tv\/series-policieres-trop-de-meurtres-sur-les-chaines-publiques-se-plaignent-des-realisateurs-11251300.php\">Rappelons qu\u2019en 2022 les r\u00e9alisateurs avaient protest\u00e9 contre le trop plein de s\u00e9ries polici\u00e8res sur le service public<\/a>&nbsp;: <\/em><em>en 2021<\/em>, <em>85 % des fictions t\u00e9l\u00e9 diffus\u00e9es par les cha\u00eenes du groupe public. Nettement plus que TF1 (11 %), Arte (3 %) ou M6 (1 %).<\/em><\/p>\n\n\n\n<p>**<em> Il n&rsquo;y a qu\u2019un meurtre, mais Ludovico ne va pas chipoter&nbsp;: \u00e7a laisse plus de suspens&nbsp;!<\/em><\/p>\n\n\n\n<p>*** <em>Oui celui de <strong>La Neuvi\u00e8me Porte<\/strong> de Polanski, clin d\u2019\u0153il cin\u00e9phile&nbsp;!<\/em><\/p>\n\n\n\n<p>**<em>** Le jour o\u00f9 un membre d&rsquo;une minorit\u00e9 sera le v\u00e9ritable meurtrier, on aura fait un grand pas dans l&rsquo;\u00e9galit\u00e9 et la lutte contre le racisme.<\/em>&nbsp;<\/p>\n\n\n\n<p>*****<em>* Mulder et Scully, vous avez l&rsquo;image ?<\/em><\/p>\n\n\n\n<p>******* <em>On se moque de la photocopieuse Marvel ou de la Xerox de chez Disney, mais celle de France 3, qui ne fait que du noir et blanc, n&rsquo;est pas mal du tout<\/em>.<\/p>\n","protected":false},"excerpt":{"rendered":"<p>De retour de mission pour l&rsquo;Ahnenerbe \u00e0 Monts\u00e9gur afin de trouver le Graal et le code Da Vinci, le Professore se devait de regarder Meurtres en Pays Cathare, le passionnant cop show de France 3, oui les gars qui nous ont donn\u00e9 d\u00e9j\u00e0 Les Myst\u00e8res de l&rsquo;\u00eele (\u00e0 l&rsquo;Ile d&rsquo;Aix) et 60 autres meurtres dans [&hellip;]<\/p>\n","protected":false},"author":4,"featured_media":0,"comment_status":"open","ping_status":"open","sticky":false,"template":"","format":"standard","meta":{"footnotes":""},"categories":[6],"tags":[],"class_list":["post-6425","post","type-post","status-publish","format-standard","hentry","category-series-tv"],"_links":{"self":[{"href":"https:\/\/www.cinefast.com\/index.php?rest_route=\/wp\/v2\/posts\/6425","targetHints":{"allow":["GET"]}}],"collection":[{"href":"https:\/\/www.cinefast.com\/index.php?rest_route=\/wp\/v2\/posts"}],"about":[{"href":"https:\/\/www.cinefast.com\/index.php?rest_route=\/wp\/v2\/types\/post"}],"author":[{"embeddable":true,"href":"https:\/\/www.cinefast.com\/index.php?rest_route=\/wp\/v2\/users\/4"}],"replies":[{"embeddable":true,"href":"https:\/\/www.cinefast.com\/index.php?rest_route=%2Fwp%2Fv2%2Fcomments&post=6425"}],"version-history":[{"count":4,"href":"https:\/\/www.cinefast.com\/index.php?rest_route=\/wp\/v2\/posts\/6425\/revisions"}],"predecessor-version":[{"id":6628,"href":"https:\/\/www.cinefast.com\/index.php?rest_route=\/wp\/v2\/posts\/6425\/revisions\/6628"}],"wp:attachment":[{"href":"https:\/\/www.cinefast.com\/index.php?rest_route=%2Fwp%2Fv2%2Fmedia&parent=6425"}],"wp:term":[{"taxonomy":"category","embeddable":true,"href":"https:\/\/www.cinefast.com\/index.php?rest_route=%2Fwp%2Fv2%2Fcategories&post=6425"},{"taxonomy":"post_tag","embeddable":true,"href":"https:\/\/www.cinefast.com\/index.php?rest_route=%2Fwp%2Fv2%2Ftags&post=6425"}],"curies":[{"name":"wp","href":"https:\/\/api.w.org\/{rel}","templated":true}]}}