{"id":6370,"date":"2023-06-28T10:57:40","date_gmt":"2023-06-28T08:57:40","guid":{"rendered":"https:\/\/www.cinefast.com\/?p=6370"},"modified":"2023-06-28T10:57:40","modified_gmt":"2023-06-28T08:57:40","slug":"hernan","status":"publish","type":"post","link":"https:\/\/www.cinefast.com\/?p=6370","title":{"rendered":"Hern\u00e1n"},"content":{"rendered":"\n<p>C&rsquo;est la bonne surprise du mois. <strong>Hern\u00e1n <\/strong>fait partie des s\u00e9ries \u00ab <em>Th\u00e9or\u00e8me de Rabillon<\/em> \u00bb : une s\u00e9rie sur la conqu\u00eate du Mexique, \u00e7a ne court pas les rues. La preuve, y\u2019en a aucune. Jusqu\u2019\u00e0 <strong>Hern\u00e1n<\/strong>, en tout cas.\u00a0<\/p>\n\n\n\n<p>Donc on regarde quoi qu&rsquo;il arrive, m\u00eame si on ne conna\u00eet personne dans le casting, m\u00eame si \u00e7a a l&rsquo;air d&rsquo;\u00eatre une production fauch\u00e9e mexicano-espagnole (ce qu&rsquo;elle est\u2026)<\/p>\n\n\n\n<p>Pour le Professore, c&rsquo;est la s\u00e9rie casse-gueule par excellence. Ici, on est sur les terres du Ludovico, et il a la g\u00e2chette facile. \u00c0 la premi\u00e8re incartade, un bon coup d\u2019arquebuse\u00a0! Mais en r\u00e9alit\u00e9, <strong>Hern\u00e1n <\/strong>coche toutes les cases historiques de cette incroyable et terrible \u00e9pop\u00e9e qu\u2019est la conqu\u00eate du Mexique. Cortes n&rsquo;est pas pr\u00e9sent\u00e9 comme une brute sanguinaire, les conquistadors ne sont pas venus pour convertir les Azt\u00e8ques au christianisme, mais pour l\u2019or, et pour rattacher cette province au Roi d\u2019Espagne. Les Azt\u00e8ques ne sont pas des idiots, ils savent que les Espagnols ont d\u00e9barqu\u00e9, et ils font tout pour qu\u2019ils repartent\u2026 Si Moctezuma prend un instant Hern\u00e0n Cortes pour dieu, celui-ci le d\u00e9trompe imm\u00e9diatement. L\u2019empire azt\u00e8que va tomber, non par b\u00eatise, mais parce qu\u2019il opprime tous les peuples alentour, et que Cortes, fin strat\u00e8ge, les a rang\u00e9s de son c\u00f4t\u00e9. Tout cela \u00e9tant fortement document\u00e9 dans le chef d&rsquo;\u0153uvre sur le sujet, <em>La Conqu\u00eate du Mexique<\/em>, le t\u00e9moignage <em>de visu<\/em> de Bernal D\u00edaz del castillo, d&rsquo;ailleurs un des personnages de la s\u00e9rie.<\/p>\n\n\n\n<p>Ne pas succomber au mis\u00e9rabilisme na\u00eff, ni \u00e0 une repentance absurde, reprendre cette histoire honn\u00eatement et scrupuleusement, voil\u00e0 les qualit\u00e9s d\u00e9j\u00e0 immenses d\u2019<strong>Hern\u00e1n<\/strong>.<\/p>\n\n\n\n<p>Apr\u00e8s, le cin\u00e9phile en demande toujours plus\u2026 C\u00f4t\u00e9 fiction, la s\u00e9rie est beaucoup plus faible. Les personnages sont esquiss\u00e9s, mais pas d\u00e9velopp\u00e9s. La narration \u00e0 base de flashbacks, pour aboutir \u00e0 la <em>Noche Triste<\/em>, ne sert pas \u00e0 grand-chose. Et il manque du souffle, du <em>sense of wonder<\/em>, de l\u2019\u00e9tranget\u00e9.\u00a0\u00a0\u00a0<\/p>\n\n\n\n<p><strong>Hern\u00e1n<\/strong> peine \u00e0 retranscrire ce choc in\u00e9dit de civilisation : le monde gr\u00e9co-jud\u00e9o-chr\u00e9tien, monoth\u00e9iste, percutant de plein fouet les immenses civilisations pr\u00e9colombiennes, polyth\u00e9istes, tout autant \u00e9volu\u00e9es. La stup\u00e9faction de ces petits Blancs d\u2019Estramadure devant les pyramides color\u00e9es \u00ab <em>plus grandes que Rome <\/em>\u00bb est d\u00e9crite abondamment par D\u00edaz del castillo, mais la s\u00e9rie n\u2019en fait rien. Une sc\u00e8ne est r\u00e9v\u00e9latrice de ce manque d\u2019ambition. Dans un flashback, les conquistadors marchent depuis des semaines vers Tenochtitlan, la capitale azt\u00e8que. Ils franchissent la derni\u00e8re montagne : gros plan sur leur \u00e9merveillement, puis contrechamp sur la ville : une \u00eele au milieu d\u2018un lac. Le plan est tr\u00e8s mal fait, on ne voit rien, c\u2019est un plan fixe. Pourtant, la s\u00e9rie a bien reconstitu\u00e9 la ville en 3D, on en voit des bouts \u00e0 plusieurs reprises. C\u2019est comme si les showrunners n\u2019avaient pas su quoi faire de cette sc\u00e8ne, pourtant capitale\u2026 Il manque tout simplement \u00e0 <strong>Hern\u00e1n <\/strong>un artiste habit\u00e9 d\u2019une vision. Le Werner Herzog d\u2019<strong>Aguirre<\/strong>, ou le Mel Gibson d\u2019<strong><a href=\"https:\/\/www.cinefast.com\/?p=133\">Apocalypto<\/a><\/strong>.<\/p>\n\n\n\n<p><strong>Hern\u00e1n <\/strong>est l\u2019habituelle s\u00e9rie historique, avec des hommes debout, en costume et l\u2019\u00e9p\u00e9e \u00e0 la main, qui commentent l\u2019histoire au lieu de la vivre. \u00a0\u00a0<\/p>\n","protected":false},"excerpt":{"rendered":"<p>C&rsquo;est la bonne surprise du mois. Hern\u00e1n fait partie des s\u00e9ries \u00ab Th\u00e9or\u00e8me de Rabillon \u00bb : une s\u00e9rie sur la conqu\u00eate du Mexique, \u00e7a ne court pas les rues. La preuve, y\u2019en a aucune. Jusqu\u2019\u00e0 Hern\u00e1n, en tout cas.\u00a0 Donc on regarde quoi qu&rsquo;il arrive, m\u00eame si on ne conna\u00eet personne dans le casting, [&hellip;]<\/p>\n","protected":false},"author":4,"featured_media":0,"comment_status":"open","ping_status":"open","sticky":false,"template":"","format":"standard","meta":{"footnotes":""},"categories":[6],"tags":[],"class_list":["post-6370","post","type-post","status-publish","format-standard","hentry","category-series-tv"],"_links":{"self":[{"href":"https:\/\/www.cinefast.com\/index.php?rest_route=\/wp\/v2\/posts\/6370","targetHints":{"allow":["GET"]}}],"collection":[{"href":"https:\/\/www.cinefast.com\/index.php?rest_route=\/wp\/v2\/posts"}],"about":[{"href":"https:\/\/www.cinefast.com\/index.php?rest_route=\/wp\/v2\/types\/post"}],"author":[{"embeddable":true,"href":"https:\/\/www.cinefast.com\/index.php?rest_route=\/wp\/v2\/users\/4"}],"replies":[{"embeddable":true,"href":"https:\/\/www.cinefast.com\/index.php?rest_route=%2Fwp%2Fv2%2Fcomments&post=6370"}],"version-history":[{"count":1,"href":"https:\/\/www.cinefast.com\/index.php?rest_route=\/wp\/v2\/posts\/6370\/revisions"}],"predecessor-version":[{"id":6371,"href":"https:\/\/www.cinefast.com\/index.php?rest_route=\/wp\/v2\/posts\/6370\/revisions\/6371"}],"wp:attachment":[{"href":"https:\/\/www.cinefast.com\/index.php?rest_route=%2Fwp%2Fv2%2Fmedia&parent=6370"}],"wp:term":[{"taxonomy":"category","embeddable":true,"href":"https:\/\/www.cinefast.com\/index.php?rest_route=%2Fwp%2Fv2%2Fcategories&post=6370"},{"taxonomy":"post_tag","embeddable":true,"href":"https:\/\/www.cinefast.com\/index.php?rest_route=%2Fwp%2Fv2%2Ftags&post=6370"}],"curies":[{"name":"wp","href":"https:\/\/api.w.org\/{rel}","templated":true}]}}