{"id":6252,"date":"2023-03-03T09:20:20","date_gmt":"2023-03-03T08:20:20","guid":{"rendered":"https:\/\/www.cinefast.com\/?p=6252"},"modified":"2023-03-03T09:20:20","modified_gmt":"2023-03-03T08:20:20","slug":"la-nuit-du-12","status":"publish","type":"post","link":"https:\/\/www.cinefast.com\/?p=6252","title":{"rendered":"La Nuit du 12"},"content":{"rendered":"\n<p>On devrait toujours faire confiance \u00e0 son instinct de CineFaster. Quand <strong>La Nuit du 12<\/strong> est sorti, \u00e7a faisait pas envie. Et puis voil\u00e0, quelques mois plus tard, on est pris par la hype. Le film gagne tout aux C\u00e9sars, il est \u00e9lu Meilleur Film Fran\u00e7ais de l\u2019Ann\u00e9e par les auditeurs de France Inter. Comme le dit le Rup\u00e9lien, \u00ab\u00a0<em>malgr\u00e9 ses r\u00e9compenses officielles, c&rsquo;est un tr\u00e8s bon film<\/em>\u00a0\u00bb. \u00a0<\/p>\n\n\n\n<p>Dominique Moll intervient d&rsquo;ailleurs tr\u00e8s justement au Masque et la Plume, et invoque les deux David\u00a0: Fincher (<strong>Zodiac<\/strong>) et de Lynch (<strong>Twin Peaks<\/strong>). En r\u00e9alit\u00e9, il faut se m\u00e9fier des gars qui parlent bien de cin\u00e9ma, les conseilleurs ne sont pas toujours les payeurs. Et on est pay\u00e9s pour le savoir, ici, \u00e0 CineFast.<\/p>\n\n\n\n<p>Mais on se fait prendre comme un bleu, on a soudain envie de cette <strong>Nuit du 12<\/strong>. \u00c7a tombe bien, \u00e7a passe sur Canal. Et \u00e7a commence, en effet, comme dans <strong>Twin Peaks<\/strong>\u00a0: une jeune femme assassin\u00e9e, les flics qui d\u00e9barquent, qui doivent annoncer la nouvelle aux parents effondr\u00e9s, tandis que la communaut\u00e9 apprend la nouvelle. Mais le d\u00e9but de <strong>La Nuit<\/strong> est plat, ennuyeux, irr\u00e9aliste\u2026<\/p>\n\n\n\n<p>Qu\u2019on soit clair, on a bien compris l&rsquo;intention\u00a0: Moll ne veut pas faire un thriller \u00e0 la Fincher, ni un m\u00e9lo \u00e0 la Lynch. Le r\u00e9alisateur d\u2019<strong>Harry, un Ami qui vous veut du Bien<\/strong> est dans une veine naturaliste, qui vise la sobri\u00e9t\u00e9. Mais la sobri\u00e9t\u00e9 n&rsquo;est pas l&rsquo;ennemi de la subtilit\u00e9. Pourquoi ces dialogues \u00e0 l&#8217;emporte-pi\u00e8ce ? Pourquoi ces personnages taill\u00e9s \u00e0 la serpe\u00a0?<\/p>\n\n\n\n<p>Moll a un message \u00e0 faire passer, tr\u00e8s bien\u2026 Les femmes sont tu\u00e9es par les hommes et ce sont majoritairement des hommes qui enqu\u00eatent sur ces hommes qui tuent des femmes. C\u2019est un message int\u00e9ressant, et l\u00e9gitime,\u00a0sur les f\u00e9minicides. Mais est-ce que \u00e7a ne peut pas \u00eatre dit plus subtilement que par un personnage qui d\u00e9barque et prononce exactement ces mots\u00a0?\u00a0 \u00a0\u00a0<\/p>\n\n\n\n<p>Tout est possible au cin\u00e9ma, mais il faut travailler. Si ces personnages sont servis par d&rsquo;excellents com\u00e9diens (Bastien Bouillon, Bouli Lanners\u2026), ils sont seulement esquiss\u00e9s (le vieux flic en col\u00e8re, parce que sa femme le trompe, le jeune flic solitaire, qui prend cette enqu\u00eate particuli\u00e8rement \u00e0 c\u0153ur, etc. Tout cela existe probablement dans la r\u00e9alit\u00e9\u00a0; mais Dominique Moll n\u2019arrive pas \u00e0 incarner ces id\u00e9es. Pour cela, il lui faudrait d\u00e9velopper ces personnages, en faire autre chose que des figurines de plomb qu&rsquo;on d\u00e9pose dans ce d\u00e9cor. Leur donner des dialogues vivants, pas des slogans\u2026<\/p>\n\n\n\n<p><a href=\"https:\/\/www.cinefast.com\/?p=5996\">C&rsquo;est tout le talent des vingt premi\u00e8res minutes de <strong>Twin Peaks<\/strong><\/a> o\u00f9, en quelques gestes, une r\u00e9plique, une paire de chaussures, la s\u00e9rie installe son univers et ses personnages.<\/p>\n\n\n\n<p>Il ne suffit pas d\u2019invoquer Lynch et Fincher. Il faut un peu s\u2019en inspirer.<\/p>\n\n\n\n<p><\/p>\n","protected":false},"excerpt":{"rendered":"<p>On devrait toujours faire confiance \u00e0 son instinct de CineFaster. Quand La Nuit du 12 est sorti, \u00e7a faisait pas envie. Et puis voil\u00e0, quelques mois plus tard, on est pris par la hype. Le film gagne tout aux C\u00e9sars, il est \u00e9lu Meilleur Film Fran\u00e7ais de l\u2019Ann\u00e9e par les auditeurs de France Inter. Comme [&hellip;]<\/p>\n","protected":false},"author":4,"featured_media":0,"comment_status":"open","ping_status":"open","sticky":false,"template":"","format":"standard","meta":{"footnotes":""},"categories":[3,6],"tags":[],"class_list":["post-6252","post","type-post","status-publish","format-standard","hentry","category-les-films","category-series-tv"],"_links":{"self":[{"href":"https:\/\/www.cinefast.com\/index.php?rest_route=\/wp\/v2\/posts\/6252","targetHints":{"allow":["GET"]}}],"collection":[{"href":"https:\/\/www.cinefast.com\/index.php?rest_route=\/wp\/v2\/posts"}],"about":[{"href":"https:\/\/www.cinefast.com\/index.php?rest_route=\/wp\/v2\/types\/post"}],"author":[{"embeddable":true,"href":"https:\/\/www.cinefast.com\/index.php?rest_route=\/wp\/v2\/users\/4"}],"replies":[{"embeddable":true,"href":"https:\/\/www.cinefast.com\/index.php?rest_route=%2Fwp%2Fv2%2Fcomments&post=6252"}],"version-history":[{"count":1,"href":"https:\/\/www.cinefast.com\/index.php?rest_route=\/wp\/v2\/posts\/6252\/revisions"}],"predecessor-version":[{"id":6253,"href":"https:\/\/www.cinefast.com\/index.php?rest_route=\/wp\/v2\/posts\/6252\/revisions\/6253"}],"wp:attachment":[{"href":"https:\/\/www.cinefast.com\/index.php?rest_route=%2Fwp%2Fv2%2Fmedia&parent=6252"}],"wp:term":[{"taxonomy":"category","embeddable":true,"href":"https:\/\/www.cinefast.com\/index.php?rest_route=%2Fwp%2Fv2%2Fcategories&post=6252"},{"taxonomy":"post_tag","embeddable":true,"href":"https:\/\/www.cinefast.com\/index.php?rest_route=%2Fwp%2Fv2%2Ftags&post=6252"}],"curies":[{"name":"wp","href":"https:\/\/api.w.org\/{rel}","templated":true}]}}