{"id":5971,"date":"2022-04-26T15:22:36","date_gmt":"2022-04-26T13:22:36","guid":{"rendered":"https:\/\/www.cinefast.com\/?p=5971"},"modified":"2022-04-26T16:32:58","modified_gmt":"2022-04-26T14:32:58","slug":"et-moi-et-moix-emois-part-deux-les-sequelles","status":"publish","type":"post","link":"https:\/\/www.cinefast.com\/?p=5971","title":{"rendered":"Et Moi, et Moix, Emois\u2026 part deux, le(s) s\u00e9quel(les)"},"content":{"rendered":"\n<p>Le petit mythomane victimaire a encore frapp\u00e9. Apr\u00e8s <em>Orl\u00e9ans <\/em>(s\u00e9vices familiaux), apr\u00e8s <em>Reims <\/em>(\u00e9cole de commerce), Yann Moix raconte son service militaire dans <em>Verdun<\/em>. Le Professore Ludovico s\u2019int\u00e9resse tr\u00e8s peu \u00e0 l\u2019auteur imputrescible de <em>Podium<\/em>, mais beaucoup \u00e0 <a href=\"https:\/\/www.cinefast.com\/?p=5416\">la cr\u00e9ature m\u00e9diatique et son biotope<\/a>.<\/p>\n\n\n\n<p>Mais l\u00e0, impossible de laisser passer. Le jeune Moix a fait son service \u00e0 l\u2019Ecole d\u2019Application d\u2019Artillerie puis au 3<sup>\u00e8me<\/sup> R\u00e9giment d\u2019Artillerie de Marine, \u00e0 Verdun. Pas de chance, l\u2019aspirant Ludovico est aussi artilleur&nbsp;: il a fait ses classes \u00e0 l\u2019EAA \u00e0 la m\u00eame p\u00e9riode (1987), puis au 3<sup>\u00e8me<\/sup> R\u00e9giment d\u2019H\u00e9licopt\u00e8res de Combat \u00e0 Etain (20,5 km de Verdun)*. On allait voir ce qu\u2019on allait voir.<\/p>\n\n\n\n<p>On a vu.<\/p>\n\n\n\n<p>Passons rapidement sur la forme : Moix se prend pour P\u00e9guy, mais n\u2019est pas \u00e9crivain qui veut. Son style est ampoul\u00e9, verbeux\u00a0; rien de pire que quelqu\u2019un pr\u00e9tend jouer la Ligue des Champions alors qu\u2019il est rempla\u00e7ant en National**.<\/p>\n\n\n\n<p>Passons rapidement sur le fond : ce livre est \u2013 \u00e0 nouveau \u2013 \u00a0l\u2019inventaire des haines recuites de Yann Moix. Qui ne rencontre \u00e0 l\u2019arm\u00e9e que des nuls, des mis\u00e9rables, des loqueteux, et qui ne lie aucune amiti\u00e9, ce qui est assez symptomatique. Car quel que soit votre exp\u00e9rience du Service National, vous avez toujours un copain de r\u00e9giment qui traine, un souvenir cocasse, deux gars qui s\u2019entraident, ou un adjudant sympa. Mais chez Moix, l\u2019enfer, c&rsquo;est les autres.*** M\u00e9pris pour les prolos qu\u2019il encadre\u00a0; m\u00e9pris pour ses camarades aspirants officiers, tous bizarrement issus de l\u2019\u00e9lite****.<\/p>\n\n\n\n<p>Ce n\u2019est pas \u00e7a qu\u2019on retiendra ici, mais plut\u00f4t l\u2019exercice de mythomanie qui le caract\u00e9rise. En douze mois, il arrive \u00e0 l\u2019aspirant Moix plus de malheurs qu\u2019\u00e0 un Poilu de 14 : trois copains suicid\u00e9s, un \u00e9l\u00e8ve aspirant sodomis\u00e9 par son p\u00e8re, un autre qui finit dans une secte, un autre meurt du sida, un soldat est agress\u00e9 au couteau, et Yann Moix lui-m\u00eame est menac\u00e9 de mort, puis agress\u00e9. A l\u2019\u00e9vidence, l\u2019\u00e9crivain a v\u00e9cu plusieurs services militaires, issus de souvenirs de quelques camarades. Ce n\u2019est pas grave, puisqu\u2019\u00e9videmment il y a marqu\u00e9 <em>Roman <\/em>sur la couverture\u00a0; comme d\u2019habitude le mode de d\u00e9fense bidirectionnel des BOATS*****.\u00a0<\/p>\n\n\n\n<p>C\u2019est par ailleurs dommage, car il y a mati\u00e8re, dans <em>Verdun<\/em>, \u00e0 raconter honn\u00eatement ce moment de vie des m\u00e2les de notre g\u00e9n\u00e9ration. Le Service National \u00e9tait une chose \u00e0 la fois absurde et dr\u00f4le, \u00e9prouvante et fun, inutile et enthousiasmante, stupide et grandiose.<\/p>\n\n\n\n<p>Mais l\u2019essentiel n\u2019est pas l\u00e0. C\u2019est plut\u00f4t la posture victimaire qui habite tout le roman, car il s\u2019agit bien d\u2019un roman, \u00e0 ce niveau-l\u00e0 de mensonges. Yann Moix s\u2019ennuie, souffre le martyre (en gros, il a des ampoules), et le Service National est une terrible \u00e9preuve pour lui. Mais il oublie l\u2019essentiel. Il est EOR&nbsp;(El\u00e8ve Officier de R\u00e9serve)&nbsp;: il a voulu tout cela, et il ne le dit pas. Mais pour les initi\u00e9s, il a laiss\u00e9 un indice qui le trahit&nbsp;: le premier chapitre s\u2019intitule PPEOR, c&rsquo;est \u00e0 dire Peloton Pr\u00e9paratoire aux El\u00e8ves Officiers de R\u00e9serve. Pour faire le PPEOR, il fallait le demander. C&rsquo;\u00e9tait un choix propos\u00e9 lors des fameux \u00ab&nbsp;<em>Trois jours<\/em>&nbsp;\u00bb. Ceux qui le faisaient avaient plusieurs motivations&nbsp;: partir plus t\u00f4t, choisir leur affectation, devenir officier et donc faire un service plus int\u00e9ressant et plus confortable. En clair, c\u2019\u00e9tait un choix&nbsp;! Connaissant son pass\u00e9 (conflits familiaux, r\u00e9volte contre le syst\u00e8me, petit passage facho), ce choix semble tout \u00e0 fait coh\u00e9rent\u2026 Il n\u2019y aurait aucune honte \u00e0 le dire, et le regard d\u2019un homme de cinquante ans assumant les conneries de ses vingt ans serait int\u00e9ressant\u2026<\/p>\n\n\n\n<p>Mais cela ne rentre en aucune fa\u00e7on dans le roman qu\u2019\u00e9crit, depuis bien longtemps, Yann sur Moix&#8230;<\/p>\n\n\n\n<p>*<em>Eh oui&nbsp;! Contrairement \u00e0 ce qu\u2019il raconte, le Professore n\u2019a pas particip\u00e9 \u00e0 l\u2019assaut de Peleliu avec ses Marines<\/em><\/p>\n\n\n\n<p>**<em> Dans un moment d\u2019auto-clairvoyance involontaire, il \u00e9crit d&rsquo;ailleurs\u00a0:<\/em> \u00ab\u00a0Ce qui nous paraissait superbe chez un auteur, voil\u00e0 que l\u2019auteur suivant nous en fait un mis\u00e9rable tas de fumier\u00a0\u00bb.<\/p>\n\n\n\n<p>*** <em>Qui ont compris \u00e0 qui ils avaient affaire : page 199, un des coll\u00e8gues aspirant le d\u00e9crit\u00a0: <\/em>\u00ab\u00a0Ross \u00e9tablit la liste de mes d\u00e9fauts, dont le plus grave \u00e9tait l&rsquo;\u00e9gocentrisme. Tu ne t&rsquo;int\u00e9resses qu&rsquo;\u00e0 ta gueule. Le reste n&rsquo;existe pas. Les autres sont pour toi des abstractions. Si tu \u00e9tais encore int\u00e9ressant&#8230; mais tu ne l\u2019es pas. Tu es un sale con.\u00a0\u00bb<\/p>\n\n\n\n<p>**** <em>En 1987, j\u2019avais un polytechnicien (sur 80 EOR), Moix en a quarante\u2026 \u00a0<\/em><\/p>\n\n\n\n<p><em>*****Si le lecteur doute, on lui ass\u00e8ne la v\u00e9rit\u00e9 vraie du R\u00e9cit, si on arrive \u00e0 prouver que c&rsquo;est faux (comme on tente de le faire ici), c\u2019est du Roman.<\/em><\/p>\n\n\n\n<p><\/p>\n\n\n\n<p><\/p>\n\n\n\n<p><\/p>\n","protected":false},"excerpt":{"rendered":"<p>Le petit mythomane victimaire a encore frapp\u00e9. Apr\u00e8s Orl\u00e9ans (s\u00e9vices familiaux), apr\u00e8s Reims (\u00e9cole de commerce), Yann Moix raconte son service militaire dans Verdun. Le Professore Ludovico s\u2019int\u00e9resse tr\u00e8s peu \u00e0 l\u2019auteur imputrescible de Podium, mais beaucoup \u00e0 la cr\u00e9ature m\u00e9diatique et son biotope. Mais l\u00e0, impossible de laisser passer. Le jeune Moix a fait [&hellip;]<\/p>\n","protected":false},"author":4,"featured_media":0,"comment_status":"open","ping_status":"open","sticky":false,"template":"","format":"standard","meta":{"footnotes":""},"categories":[9,8,2,7],"tags":[],"class_list":["post-5971","post","type-post","status-publish","format-standard","hentry","category-hollywood-gossip","category-le-professor-a-toujours-quelque-chose-a-dire","category-les-gens","category-pour-en-finir-avec"],"_links":{"self":[{"href":"https:\/\/www.cinefast.com\/index.php?rest_route=\/wp\/v2\/posts\/5971","targetHints":{"allow":["GET"]}}],"collection":[{"href":"https:\/\/www.cinefast.com\/index.php?rest_route=\/wp\/v2\/posts"}],"about":[{"href":"https:\/\/www.cinefast.com\/index.php?rest_route=\/wp\/v2\/types\/post"}],"author":[{"embeddable":true,"href":"https:\/\/www.cinefast.com\/index.php?rest_route=\/wp\/v2\/users\/4"}],"replies":[{"embeddable":true,"href":"https:\/\/www.cinefast.com\/index.php?rest_route=%2Fwp%2Fv2%2Fcomments&post=5971"}],"version-history":[{"count":3,"href":"https:\/\/www.cinefast.com\/index.php?rest_route=\/wp\/v2\/posts\/5971\/revisions"}],"predecessor-version":[{"id":5975,"href":"https:\/\/www.cinefast.com\/index.php?rest_route=\/wp\/v2\/posts\/5971\/revisions\/5975"}],"wp:attachment":[{"href":"https:\/\/www.cinefast.com\/index.php?rest_route=%2Fwp%2Fv2%2Fmedia&parent=5971"}],"wp:term":[{"taxonomy":"category","embeddable":true,"href":"https:\/\/www.cinefast.com\/index.php?rest_route=%2Fwp%2Fv2%2Fcategories&post=5971"},{"taxonomy":"post_tag","embeddable":true,"href":"https:\/\/www.cinefast.com\/index.php?rest_route=%2Fwp%2Fv2%2Ftags&post=5971"}],"curies":[{"name":"wp","href":"https:\/\/api.w.org\/{rel}","templated":true}]}}