{"id":5963,"date":"2022-04-12T10:50:18","date_gmt":"2022-04-12T08:50:18","guid":{"rendered":"https:\/\/www.cinefast.com\/?p=5963"},"modified":"2022-04-12T10:50:18","modified_gmt":"2022-04-12T08:50:18","slug":"band-of-brothers-the-pacific","status":"publish","type":"post","link":"https:\/\/www.cinefast.com\/?p=5963","title":{"rendered":"Band of Brothers\/The Pacific"},"content":{"rendered":"\n<p>Il faudrait revoir les s\u00e9ries tous les dix ans. Mais voil\u00e0, <em><a href=\"https:\/\/getyarn.io\/yarn-clip\/64662211-b2e6-429f-99af-a4e8b63db0e7\">so many people, so many parties<\/a><\/em>, comme dirait Gary.<\/p>\n\n\n\n<p>On va \u00e0 Bastogne parce que l\u2019autre passion du Professore, c\u2019est les champs de bataille, et \u00e9videmment \u00e7a donne envie de revoir l\u2019\u00e9pisode &#8211; selon nous le meilleur &#8211; de <strong>Band of Brothers<\/strong>. Mais dix ans apr\u00e8s, beaucoup de grosses productions HBO sont pass\u00e9es par l\u00e0, et l\u2019\u00e9pisode a maintenant l\u2019air minable dans son petit d\u00e9cor utilis\u00e9 dans tous les sens\u00a0: on a vu beaucoup mieux depuis.<\/p>\n\n\n\n<p>Mais pour autant, cela donne envie d\u2019en regarder d\u2019autres. Et nous d\u00e9couvrons que cette s\u00e9rie, que nous avions vou\u00e9e aux g\u00e9monies doit aujourd&rsquo;hui \u00eatre r\u00e9\u00e9valu\u00e9e \u00e0 la hausse.<\/p>\n\n\n\n<p>Certes Band of Brothers est une s\u00e9rie gentillette, patriote, bourr\u00e9e d\u2019am\u00e9ricains sympas qui n\u2019attachent jamais leur casque*, mais c\u2019est aussi une s\u00e9rie noire, avec de v\u00e9ritables personnages, et des zones grises que nous n\u2019avions pas d\u00e9cel\u00e9es la premi\u00e8re fois.<\/p>\n\n\n\n<p>On enchaine sur <strong>The Pacific<\/strong>, bas\u00e9e sur les m\u00e9moires de Robert Leckie et de Eugene Sledge**, qui est aussi meilleure \u00e0 cette aune. Certes Hanks et Spielberg ne sont pas Terrence Malick, il n\u2019ont pas la profondeur mystique de <strong>La Ligne Rouge<\/strong>, la v\u00e9racit\u00e9 humaine d\u2019<strong>Apocalypse Now<\/strong>! ou la rigueur Kubrickienne de <strong>Full Metal Jacket<\/strong>***. Les deux producteurs sont des humanistes, qui pensent que la guerre est un mal qui serait \u00e9vitable. Ils sont donc tr\u00e8s \u00e9loign\u00e9s de Nicolas Machiavel, ou de Thucydide, qui d\u00e9plorent la guerre mais en comprennent la n\u00e9cessit\u00e9. Coinc\u00e9 par le BOATS, les personnages de <strong>Band of Brothers\/The Pacific<\/strong> sont tous \u00e9minemment positifs, \u00e0 la fin. Mais nous avions omis de dire que ces s\u00e9ries \u00e9taient tout \u00e0 fait capables de montrer la face noire de ses personnages.\u00a0<\/p>\n\n\n\n<p>Mea culpa. Mea Maxima culpa.<\/p>\n\n\n\n<p><em>*Jurisprudence du GI archicool lanc\u00e9e par <strong><a href=\"https:\/\/www.cinefast.com\/?p=1126\">Le Jour le plus Long<\/a><\/strong>. Les gars qui attachent leurs casques sont des coin\u00e7ouilles (Anglais, Allemands). Mais ils sont vivants.<\/em><\/p>\n\n\n\n<p><em>**Respectivement Helmet for my Pillow et With the Old Breed<\/em><\/p>\n\n\n\n<p><em>***Un film o\u00f9 tout le monde attache son casque\u00a0!<\/em><\/p>\n","protected":false},"excerpt":{"rendered":"<p>Il faudrait revoir les s\u00e9ries tous les dix ans. Mais voil\u00e0, so many people, so many parties, comme dirait Gary. On va \u00e0 Bastogne parce que l\u2019autre passion du Professore, c\u2019est les champs de bataille, et \u00e9videmment \u00e7a donne envie de revoir l\u2019\u00e9pisode &#8211; selon nous le meilleur &#8211; de Band of Brothers. Mais dix [&hellip;]<\/p>\n","protected":false},"author":4,"featured_media":0,"comment_status":"open","ping_status":"open","sticky":false,"template":"","format":"standard","meta":{"footnotes":""},"categories":[6],"tags":[],"class_list":["post-5963","post","type-post","status-publish","format-standard","hentry","category-series-tv"],"_links":{"self":[{"href":"https:\/\/www.cinefast.com\/index.php?rest_route=\/wp\/v2\/posts\/5963","targetHints":{"allow":["GET"]}}],"collection":[{"href":"https:\/\/www.cinefast.com\/index.php?rest_route=\/wp\/v2\/posts"}],"about":[{"href":"https:\/\/www.cinefast.com\/index.php?rest_route=\/wp\/v2\/types\/post"}],"author":[{"embeddable":true,"href":"https:\/\/www.cinefast.com\/index.php?rest_route=\/wp\/v2\/users\/4"}],"replies":[{"embeddable":true,"href":"https:\/\/www.cinefast.com\/index.php?rest_route=%2Fwp%2Fv2%2Fcomments&post=5963"}],"version-history":[{"count":1,"href":"https:\/\/www.cinefast.com\/index.php?rest_route=\/wp\/v2\/posts\/5963\/revisions"}],"predecessor-version":[{"id":5966,"href":"https:\/\/www.cinefast.com\/index.php?rest_route=\/wp\/v2\/posts\/5963\/revisions\/5966"}],"wp:attachment":[{"href":"https:\/\/www.cinefast.com\/index.php?rest_route=%2Fwp%2Fv2%2Fmedia&parent=5963"}],"wp:term":[{"taxonomy":"category","embeddable":true,"href":"https:\/\/www.cinefast.com\/index.php?rest_route=%2Fwp%2Fv2%2Fcategories&post=5963"},{"taxonomy":"post_tag","embeddable":true,"href":"https:\/\/www.cinefast.com\/index.php?rest_route=%2Fwp%2Fv2%2Ftags&post=5963"}],"curies":[{"name":"wp","href":"https:\/\/api.w.org\/{rel}","templated":true}]}}