{"id":5838,"date":"2022-01-06T18:43:34","date_gmt":"2022-01-06T17:43:34","guid":{"rendered":"https:\/\/www.cinefast.com\/?p=5838"},"modified":"2022-01-06T18:43:34","modified_gmt":"2022-01-06T17:43:34","slug":"lea-seydoux-defense-et-illustration","status":"publish","type":"post","link":"https:\/\/www.cinefast.com\/?p=5838","title":{"rendered":"L\u00e9a Seydoux (d\u00e9fense et illustration)"},"content":{"rendered":"\n<p>La France aime se tirer dans le pied. Qu\u2019a fait L\u00e9a Seydoux pour m\u00e9riter un tel m\u00e9pris ? De la part des cin\u00e9philes (\u00ab\u00a0<em>J\u2019irais bien, m\u00eame s&rsquo;il y a la Seydoux<\/em>\u00a0\u00bb), et de la critique (\u00ab\u00a0<em>Y&rsquo;a-t-il un film sans L\u00e9a Seydoux\u00a0?<\/em>\u00a0\u00bb*)<\/p>\n\n\n\n<p>Mais que lui reproche-t-on exactement ? Elle est jeune et belle, mais d\u2019une beaut\u00e9 particuli\u00e8re, masculine. Premier d\u00e9faut. Elle n\u2019a pas le charme rassurant, maternel, d\u2019une Deneuve, ou d\u2019une Efira. Au contraire, c&rsquo;est ce regard per\u00e7ant, intimidant, qui fait peur aux hommes et \u00e9nerve les femmes, qui la met plut\u00f4t du c\u00f4t\u00e9 d\u2019Isabelle Adjani.<\/p>\n\n\n\n<p>C\u2019est la fille de son p\u00e8re ? Erreur commune. Le p\u00e8re travaille dans la <em>hitech <\/em>(il fabrique des drones). C\u2019est son grand p\u00e8re, J\u00e9r\u00f4me, qui co-dirige Path\u00e9. Pour autant, L\u00e9a Seydoux n\u2019est pas la premi\u00e8re fille \u00e0 papa qui travaille dans le secteur. Le Professore peut en citer un paquet qui n\u2019ont pas son talent (Lou Doillon, Marylou Berry, Nicolas Bedos), et, tout autant qui se d\u00e9brouillent plut\u00f4t bien (Charlotte Gainsbourg, Eva Green, Louis Garrel\u2026)<\/p>\n\n\n\n<p>Mais pour juger, restons factuels. Qui a aujourd&rsquo;hui la filmographie de la Seydoux, <em>a fortiori <\/em>\u00e0 son \u00e2ge (36 ans) ? Quelle actrice fran\u00e7aise a jou\u00e9 dans deux <strong>James Bond<\/strong> et un <strong>Mission Impossible\u00a0<\/strong>? Qui a travaill\u00e9 pour Ridley Scott, Arnaud Desplechin, Abdellatif Kechiche, Wes Anderson, Quentin Tarantino, Woody Allen\u00a0? Qui a interpr\u00e9t\u00e9 des r\u00f4les aussi diff\u00e9rents que Belle dans <strong>La Belle et la B\u00eate<\/strong>, Karole de <strong>Grand Central<\/strong>, \u00a0Sidonie Laborde dans <strong>Les Adieux \u00e0 la Reine<\/strong>, Tanya Kalekov\u00a0dans <strong>Kursk<\/strong>, et Emma dans <strong>La Vie d\u2019Ad\u00e8le<\/strong>\u00a0?<\/p>\n\n\n\n<p>Personne.<\/p>\n\n\n\n<p>La France m\u00e9prise le talent, et le vrai succ\u00e8s.<\/p>\n\n\n\n<p><em>*Sempiternelle blague de J\u00e9r\u00f4me Garcin au Masque et la Plume<\/em><\/p>\n","protected":false},"excerpt":{"rendered":"<p>La France aime se tirer dans le pied. Qu\u2019a fait L\u00e9a Seydoux pour m\u00e9riter un tel m\u00e9pris ? De la part des cin\u00e9philes (\u00ab\u00a0J\u2019irais bien, m\u00eame s&rsquo;il y a la Seydoux\u00a0\u00bb), et de la critique (\u00ab\u00a0Y&rsquo;a-t-il un film sans L\u00e9a Seydoux\u00a0?\u00a0\u00bb*) Mais que lui reproche-t-on exactement ? Elle est jeune et belle, mais d\u2019une beaut\u00e9 [&hellip;]<\/p>\n","protected":false},"author":4,"featured_media":0,"comment_status":"open","ping_status":"open","sticky":false,"template":"","format":"standard","meta":{"footnotes":""},"categories":[8,2,7],"tags":[],"class_list":["post-5838","post","type-post","status-publish","format-standard","hentry","category-le-professor-a-toujours-quelque-chose-a-dire","category-les-gens","category-pour-en-finir-avec"],"_links":{"self":[{"href":"https:\/\/www.cinefast.com\/index.php?rest_route=\/wp\/v2\/posts\/5838","targetHints":{"allow":["GET"]}}],"collection":[{"href":"https:\/\/www.cinefast.com\/index.php?rest_route=\/wp\/v2\/posts"}],"about":[{"href":"https:\/\/www.cinefast.com\/index.php?rest_route=\/wp\/v2\/types\/post"}],"author":[{"embeddable":true,"href":"https:\/\/www.cinefast.com\/index.php?rest_route=\/wp\/v2\/users\/4"}],"replies":[{"embeddable":true,"href":"https:\/\/www.cinefast.com\/index.php?rest_route=%2Fwp%2Fv2%2Fcomments&post=5838"}],"version-history":[{"count":1,"href":"https:\/\/www.cinefast.com\/index.php?rest_route=\/wp\/v2\/posts\/5838\/revisions"}],"predecessor-version":[{"id":5839,"href":"https:\/\/www.cinefast.com\/index.php?rest_route=\/wp\/v2\/posts\/5838\/revisions\/5839"}],"wp:attachment":[{"href":"https:\/\/www.cinefast.com\/index.php?rest_route=%2Fwp%2Fv2%2Fmedia&parent=5838"}],"wp:term":[{"taxonomy":"category","embeddable":true,"href":"https:\/\/www.cinefast.com\/index.php?rest_route=%2Fwp%2Fv2%2Fcategories&post=5838"},{"taxonomy":"post_tag","embeddable":true,"href":"https:\/\/www.cinefast.com\/index.php?rest_route=%2Fwp%2Fv2%2Ftags&post=5838"}],"curies":[{"name":"wp","href":"https:\/\/api.w.org\/{rel}","templated":true}]}}