{"id":542,"date":"2009-12-19T20:27:35","date_gmt":"2009-12-19T18:27:35","guid":{"rendered":"http:\/\/www.cinefast.com\/?p=542"},"modified":"2009-12-19T20:32:14","modified_gmt":"2009-12-19T18:32:14","slug":"la-chute","status":"publish","type":"post","link":"https:\/\/www.cinefast.com\/?p=542","title":{"rendered":"La Chute"},"content":{"rendered":"<p>C&rsquo;est toujours bon de revoir les films, m\u00eame pour de mauvaises raisons. J&rsquo;avais envie de revoir <strong>La Chute <\/strong>pour la performance de Bruno Ganz, apr\u00e8s l&rsquo;avoir revu dans <a href=\"http:\/\/www.youtube.com\/watch?v=If14o8JROsA\">la d\u00e9licieuse parodie de Brice Hortefeux \u00e0 Seignosse<\/a>, qui a fait le tour du web.<\/p>\n<p>Je n&rsquo;avais pas compl\u00e8tement aim\u00e9 <strong>La Chute <\/strong>\u00e0 la sortie. Le film succombait, en plusieurs occasions, \u00e0 l\u2019habituelle fascination pour le r\u00e9gime nazi. Et, comme l&rsquo;avait brillamment de montr\u00e9 Wim Wenders \u00e0 l&rsquo;\u00e9poque : Oliver Hirschbiegel filmait avec complaisance la mort des enfants G\u0153bbels, mais pas le suicide du F\u00fchrer ; comme si c&rsquo;\u00e9tait le tabou insurmontable, et il oubliait un peu vite que les \u00ab h\u00e9ros \u00bb de son histoire (le m\u00e9decin SS, la secr\u00e9taire) ne pouvaient ignorer la nature antis\u00e9mite du r\u00e9gime : le servir au moment de sa chute n&rsquo;\u00e9tait pas innocent&#8230;<\/p>\n<p>Mais \u00e0 la revoyure, tous ces d\u00e9fauts semblent avoir disparu. Avons-nous accept\u00e9, entre temps, le c\u00f4t\u00e9 r\u00e9volutionnaire de <strong>La Chute <\/strong>? Car pour la premi\u00e8re fois, les allemands regardent leur pass\u00e9 sans culpabilit\u00e9, sans honte, et sans r\u00e9visionnisme non plus. Il fallait peut-\u00eatre le temps d&rsquo;admettre, aussi, que les jeunes allemands d&rsquo;aujourd&rsquo;hui ne paieraient pas \u00e9ternellement les fautes de leurs parents et grands parents&#8230;<\/p>\n<p>Mais surtout, La Chute se r\u00e9v\u00e8le un excellent film. D&rsquo;abord, <strong>La Chute <\/strong>est un <a href=\"http:\/\/www.cinefast.com\/?p=340\">BOATS, qui \u00e9vite les icebergs habituels du genre<\/a>. Tir\u00e9e d&rsquo;une histoire vraie, adapt\u00e9 de l&rsquo;excellent livre de Joachim Fest*, et des souvenirs de Traudl Junge, il contourne le probl\u00e8me en d\u00e9centrant sa cam\u00e9ra, en ne racontant pas les derniers jours du dictateur, mais au travers d\u2019un Point de Vue, c&rsquo;est \u00e0 dire un personnage avec lequel le public sympathise : Traudl, la jeune secr\u00e9taire d&rsquo;Hitler&#8230; Jeune, jolie, un peu perdue dans cet univers d\u00e9cadent, Traudl est notre Alice chez les nazis&#8230;<\/p>\n<p>L&rsquo;autre coup de g\u00e9nie, c&rsquo;est le casting. Que des com\u00e9diens excellents, bien s\u00fbr, mais un casting tr\u00e8s tactique : la star, c&rsquo;est Hitler, il faut donc une star pour le jouer, et c&rsquo;est l&rsquo;immense Bruno Ganz qui s&rsquo;y colle. Le plus grand des acteurs allemands y livre une performance \u00e9poustouflante, atteignant parfaitement l&rsquo;objectif de Bernd Eichinger, producteur-sc\u00e9nariste. Tour \u00e0 tour sympathique, hyst\u00e9rique, d\u00e9sabus\u00e9, visionnaire, Bruno Ganz fait du dragon, un homme. Un fou dangereux, mais un homme. Comme disait Hannah Arendt \u00e0 propos d&rsquo;Eichmann, tant qu&rsquo;on n&rsquo;acceptera pas la banalit\u00e9 du mal, on ne comprendra rien aux syst\u00e8mes totalitaires.<\/p>\n<p>En face, il met une bonne actrice, mais inconnue : Alexandra Maria Lara, ma chouchou de <a href=\"http:\/\/www.cinefast.com\/?p=166\"><strong>Control<\/strong><\/a>. En \u00e9vitant la star &#8211; et donc le surjeu &#8211; Hirschbiegel facilite grandement l&rsquo;identification du spectateur. Nous sommes avec elle, tremblante dans la Tani\u00e8re du Loup lors de son entretien d&#8217;embauche, inqui\u00e8te trois ans plus tard quand tombent les premiers obus russes sur Berlin, fid\u00e8le quand elle d\u00e9cide, un peu exalt\u00e9e, de ne pas abandonner Hitler. <\/p>\n<p>De m\u00eames, tous les com\u00e9diens sont de la m\u00eame trempe, interpr\u00e9tant la racaille nazie dans cette ambiance fin de r\u00e8gne : incomp\u00e9tente, conspiratrice, tra\u00eetresse, fanatique jusqu&rsquo;\u00e0 la folie, fid\u00e8le jusqu&rsquo;\u00e0 la mort, qui sert de cour au monstre m\u00e9galomaniaque qui les a entra\u00een\u00e9s dans cette terrible aventure.<br \/>\nIl ajoute \u00e9galement une deuxi\u00e8me intrigue, compl\u00e9mentaire, celle d\u2019une jeune gar\u00e7on <em>Hitlerjugend <\/em>qui sert une batterie de DCA., Tiraill\u00e9 entre la folie fanatique nazie et son p\u00e8re, ancien combattant qui essaie de ramener son fils \u00e0 la r\u00e9alit\u00e9 de la d\u00e9faite, il incarne le projet d\u2019Eichinger : montrer l\u2019Allemagne dans sa globalit\u00e9, endormie et fanatis\u00e9e par les nazis puis martyris\u00e9s par eux. Propos difficile, car le cin\u00e9ma nous a jusque l\u00e0 peu aid\u00e9 dans ce travail historique : les gentils soldats US d\u2019un c\u00f4t\u00e9, les barbares nazis de l\u2019autre, sauf \u00ab <em>le courageux Rommel<\/em> \u00bb, le \u00ab <em>noble von Rundstedt <\/em>\u00bb du <strong>Jour le plus Long. <\/strong><br \/>\nLe tout est baign\u00e9 dans une reconstitution aux petits oignons, mais sans les fioriture inutiles dont sont coutumiers les films de guerre. Pas de mouvements de foule, pas de jolis plans a\u00e9riens avec Messerchmitts et Mustang P-51, pas de co\u00fbteuse reconstruction 3D de Berlin en ruine.<\/p>\n<p>Tous ces dispositifs (sc\u00e9niques, casting, sc\u00e9naristiques) servent parfaitement le propos : Hitler \u00e9tait un homme comme les autres, les allemands ont souffert eux aussi de la guerre, et la jeunesse n&rsquo;est pas une excuse. D&rsquo;o\u00f9 cette fin splendide, sans lequel le propos du film piquerait un peu les yeux : apr\u00e8s avoir sauv\u00e9 l&rsquo;h\u00e9ro\u00efne, le jeune Hitlerjugend, sur un beau plan bucolique, s\u2019en vont tous deux \u00ab <em>\u00e0\u00e0\u00e0\u00e0 bicyclette <\/em>\u00bb !<\/p>\n<p>Mais on revient \u00e0 la r\u00e9alit\u00e9. A savoir au premier plan du film, une s\u00e9quence vid\u00e9o tourn\u00e9e avec la vraie Traudl, quelques ann\u00e9es avant sa mort, en 2002. \u00ab <em>Quand j\u2019ai appris, par le proc\u00e8s de Nuremberg, que six millions de juifs avaient p\u00e9ri, j\u2019ai \u00e9t\u00e9 profond\u00e9ment choqu\u00e9e. Mais je n\u2019avais pas fait la connexion avec mon pass\u00e9\u2026 Je ne me sentais pas personnellement coupable, ne connaissant pas l\u2019\u00e9normit\u00e9 des crimes commis. Mais un jour, je suis pass\u00e9e devant une plaque comm\u00e9morative de Sophie Scholl, sur la Franz-Joseph-Strasse. J&rsquo;ai vu quelle avait mon \u00e2ge, et qu\u2019elle avait \u00e9t\u00e9 ex\u00e9cut\u00e9 l\u2019ann\u00e9e o\u00f9 j\u2019ai commenc\u00e9 \u00e0 travailler pour Hitler. Et j\u2019ai r\u00e9alis\u00e9 alors que la jeunesse n\u2019\u00e9tait pas une excuse. Et qu\u2019il avait \u00e9t\u00e9 possible de savoir ces choses\u2026\u00bb<\/em><\/p>\n<p><em>*Les derniers jours d&rsquo;Hitler<br \/>\nJoachim Fest<br \/>\nEditions Tempus<\/em><\/p>\n","protected":false},"excerpt":{"rendered":"<p>C&rsquo;est toujours bon de revoir les films, m\u00eame pour de mauvaises raisons. J&rsquo;avais envie de revoir La Chute pour la performance de Bruno Ganz, apr\u00e8s l&rsquo;avoir revu dans la d\u00e9licieuse parodie de Brice Hortefeux \u00e0 Seignosse, qui a fait le tour du web. Je n&rsquo;avais pas compl\u00e8tement aim\u00e9 La Chute \u00e0 la sortie. Le film [&hellip;]<\/p>\n","protected":false},"author":4,"featured_media":0,"comment_status":"open","ping_status":"open","sticky":false,"template":"","format":"standard","meta":{"footnotes":""},"categories":[5,3],"tags":[],"class_list":["post-542","post","type-post","status-publish","format-standard","hentry","category-a-votre-vod","category-les-films"],"_links":{"self":[{"href":"https:\/\/www.cinefast.com\/index.php?rest_route=\/wp\/v2\/posts\/542","targetHints":{"allow":["GET"]}}],"collection":[{"href":"https:\/\/www.cinefast.com\/index.php?rest_route=\/wp\/v2\/posts"}],"about":[{"href":"https:\/\/www.cinefast.com\/index.php?rest_route=\/wp\/v2\/types\/post"}],"author":[{"embeddable":true,"href":"https:\/\/www.cinefast.com\/index.php?rest_route=\/wp\/v2\/users\/4"}],"replies":[{"embeddable":true,"href":"https:\/\/www.cinefast.com\/index.php?rest_route=%2Fwp%2Fv2%2Fcomments&post=542"}],"version-history":[{"count":3,"href":"https:\/\/www.cinefast.com\/index.php?rest_route=\/wp\/v2\/posts\/542\/revisions"}],"predecessor-version":[{"id":544,"href":"https:\/\/www.cinefast.com\/index.php?rest_route=\/wp\/v2\/posts\/542\/revisions\/544"}],"wp:attachment":[{"href":"https:\/\/www.cinefast.com\/index.php?rest_route=%2Fwp%2Fv2%2Fmedia&parent=542"}],"wp:term":[{"taxonomy":"category","embeddable":true,"href":"https:\/\/www.cinefast.com\/index.php?rest_route=%2Fwp%2Fv2%2Fcategories&post=542"},{"taxonomy":"post_tag","embeddable":true,"href":"https:\/\/www.cinefast.com\/index.php?rest_route=%2Fwp%2Fv2%2Ftags&post=542"}],"curies":[{"name":"wp","href":"https:\/\/api.w.org\/{rel}","templated":true}]}}