{"id":5416,"date":"2019-09-08T21:41:48","date_gmt":"2019-09-08T19:41:48","guid":{"rendered":"https:\/\/www.cinefast.com\/?p=5416"},"modified":"2022-02-21T16:23:30","modified_gmt":"2022-02-21T15:23:30","slug":"et-moi-et-moix-emois","status":"publish","type":"post","link":"https:\/\/www.cinefast.com\/?p=5416","title":{"rendered":"Et Moi, et Moix, Emois\u2026"},"content":{"rendered":"\n<p><\/p>\n\n\n\n<p>L\u2019\u00ab&nbsp;affaire&nbsp;\u00bb Yann Moix est int\u00e9ressante \u00e0 plus\nd\u2019un titre, en tout cas pour ce qui nous concerne ici. Le pi\u00e8ge diabolique de l\u2019autofiction,\nnotre douteux rapport avec la \u00ab&nbsp;v\u00e9rit\u00e9&nbsp;\u00bb, le consensus qui tue toute\nforme de pens\u00e9e, le point Godwin, le fonctionnement de l\u2019industrie\nshow-business, oui, toute cette affaire est passionnante\u2026<\/p>\n\n\n\n<p>Car disons-le tout net&nbsp;: si Yann Moix avait \u00e9crit <em>Orl\u00e9ans <\/em>\u00e0 la troisi\u00e8me personne, il n\u2019y aurait pas d\u2019affaire. Le roman serait un vrai roman, pas un simple <em>disclaimer <\/em>sur la couverture jaune de Grasset. Il raconterait l\u2019enfance d\u2019un petit gar\u00e7on subissant les s\u00e9vices de parents maltraitants (fess\u00e9es \u00e0 coups de fils \u00e9lectriques, assiette de caca \u00e0 ingurgiter, abandon dans la for\u00eat, etc.)&nbsp;; une histoire que l\u2019on serait libre de trouver exag\u00e9r\u00e9e ou tragique. Point final. <\/p>\n\n\n\n<p>Si c&rsquo;est un roman, tout est possible, m\u00eame de s\u2019inspirer\nde la vie de l\u2019auteur. Mais si c\u2019est la v\u00e9rit\u00e9, on est en droit de l\u2019examiner.<\/p>\n\n\n\n<p>C\u2019est l\u00e0 que les m\u00e2choires d\u2019acier de <em>l\u2019autofiction<\/em>, du <em>Biopic<\/em>, du <em>Based on a True Story <\/em>se referment sur le lecteur\/spectateur. En \u00e9crivant ce r\u00e9cit \u00e0 la premi\u00e8re personne, et en exer\u00e7ant lors de la promo le chantage de l\u2019autofiction, Yann Moix oblige le lecteur \u00e0 adh\u00e9rer \u00e0 son histoire&nbsp;et lui interdit de la trouver exag\u00e9r\u00e9e. C\u2019est la v\u00e9rit\u00e9, c\u2019est ma vie !&nbsp;clame-t-il dans ses premiers interviews. <\/p>\n\n\n\n<p>Mais patatras, une semaine apr\u00e8s la sortie du livre, la\nfamille conteste ces \u00e9v\u00e9nements dans la presse. Voil\u00e0 le lecteur pris entre sa\nv\u00e9rit\u00e9 et celle de son fr\u00e8re, qui raconte une histoire contraire. Yann Moix\nserait le bourreau, Alexandre Moix, la victime. C&rsquo;est lui aurait fini la t\u00eate\ndans les cabinets, etc., etc. <\/p>\n\n\n\n<p>Pas de probl\u00e8me, la m\u00e9canique marketing de l\u2019autofiction a tout pr\u00e9vu&nbsp;: en apposant la douteuse mention de \u00ab&nbsp;roman&nbsp;\u00bb sur la couverture, on gagne sur tous les tableaux\u2026 quand la famille de Yann Moix se manifeste, Grasset rappelle qu\u2019avant tout, <em>Orl\u00e9ans <\/em>est \u00ab&nbsp;romanc\u00e9&nbsp;\u00bb Et Moix d\u2019ajouter, sibyllin&nbsp;:&nbsp;\u00ab&nbsp;<em>C\u2019est un roman, pas un r\u00e9cit, car j\u2019ai enlev\u00e9 mon fr\u00e8re<\/em>&nbsp;\u00bb. Sic&nbsp;! \u2026 *<\/p>\n\n\n\n<p>Mais pourquoi avons-nous cru au d\u00e9but \u00e0 l\u2019histoire de Yann Moix? Au <em>Masque et la Plume<\/em>, \u00e9mission favorite du Professore Ludovico, personne n\u2019a trouv\u00e9 \u00e0 redire \u00e0 <em>Orl\u00e9ans<\/em>. \u00ab&nbsp;<em>Chef-d\u2019\u0153uvre de Yann Moix<\/em>&nbsp;\u00bb, \u00ab&nbsp;<em>Son meilleur livre<\/em>&nbsp;\u00bb, \u00ab&nbsp;<em>L\u2019histoire tragique et vraie des enfants battus<\/em>&nbsp;\u00bb, &#8230; Un unanimisme rare&nbsp;: au <em>Masque<\/em>, il y toujours quelqu&rsquo;un qui n\u2019aime pas\u2026** <\/p>\n\n\n\n<p>Pourquoi un tel consensus ? D\u2019abord parce que l\u2019\u00e9mission, enregistr\u00e9e <em>avant <\/em>la contre-attaque de la famille, a \u00e9t\u00e9 diffus\u00e9e <em>apr\u00e8s<\/em>. Ensuite (et surtout) parce que personne ne peut oser \u00e9mettre le moindre doute sur un sujet aussi sensible, et risquer de mettre en br\u00e8che le consensus g\u00e9n\u00e9ral sur la trag\u00e9die des enfants battus.*** C\u2019est l\u00e0 le deuxi\u00e8me chantage&nbsp;: il est impossible d\u2019\u00e9mettre une critique, m\u00eame litt\u00e9raire ou stylistique, parce que le livre parle d\u2019un sujet consensuel. <\/p>\n\n\n\n<p>Mais voil\u00e0 que la v\u00e9rit\u00e9 de la semaine derni\u00e8re est\nsoudain devenue inaudible. Ce qui nous am\u00e8ne au deuxi\u00e8me point. Pourquoi\nest-elle devenue une inaudible ? Par le m\u00eame m\u00e9canisme qu\u2019elle \u00e9tait\nincontestable la semaine pr\u00e9c\u00e9dente.<\/p>\n\n\n\n<p>Car voil\u00e0 que surgit un autre sujet consensuel. Yann Moix est accus\u00e9 d\u2019avoir \u00e9crit des articles antis\u00e9mites, lorsqu\u2019il \u00e9tait en Ecole de Commerce. Taratata, point Godwin atteint ! La victime est soudain devenue bourreau. Il n\u2019y a aucun rapport (un livre de victime d\u2019une part, une connerie de jeunesse d\u2019autre part). Rien n\u2019indique que Moix soit toujours antis\u00e9mite. On pourrait m\u00eame dire le contraire. Mais on est pass\u00e9 d\u2019un consensus national (les enfants battus) \u00e0 un autre consensus (la lutte contre l\u2019antis\u00e9mitisme).<\/p>\n\n\n\n<p>Les vannes s\u2019ouvrent. On peut d\u00e9sormais, inexplicablement, parler du livre <em>Orl\u00e9ans<\/em>, et en questionner la v\u00e9racit\u00e9&nbsp;: s&rsquo;il a cach\u00e9 sur son pass\u00e9 antis\u00e9mite, il a peut-\u00eatre menti sur son enfance meurtrie. De sorte que l\u2019on assiste \u00e0 ce spectacle ahurissant&nbsp;: voir ces questions trait\u00e9es par\u2026 <em>Touche pas \u00e0 Mon Poste<\/em>, dont on ne peut pas dire que ses chroniqueurs aient \u00e9t\u00e9 jusque-l\u00e0 des sp\u00e9cialistes de la litt\u00e9rature fran\u00e7aise. Pourtant leurs questions, ce jour-l\u00e0, ne sont ni stupides ni ill\u00e9gitimes. <\/p>\n\n\n\n<p>Autre int\u00e9r\u00eat de cette affaire, voir affleurer le fonctionnement du showbusiness. Contrairement \u00e0 ce que raconte en g\u00e9n\u00e9ral le monde de l\u2019art &#8211; l\u2019artiste solitaire, Prom\u00e9th\u00e9e cr\u00e9ant contre le monde de l\u2019argent -, le secteur fonctionne comme un autre, l\u2019automobile ou les assurances. Avec des grosses boites et des PME. Des clients et des fournisseurs. Des patrons et des employ\u00e9s. Tout un r\u00e9seau de connexions. Apr\u00e8s tout, rien d\u2019\u00e9tonnant si on regarde \u00e7a avec suffisamment de distance&#8230; <\/p>\n\n\n\n<p>Mais l\u00e0, soudain, le spectateur lambda peut voir ce fonctionnement, \u00e0 nu. Au <em>Masque<\/em>, Fr\u00e9d\u00e9ric Beigbeder aime le livre de Yann Moix&nbsp;; c&rsquo;est normal, c&rsquo;est un ami. Ce n\u2019est pas interdit, mais Beigbeder est aussi \u00e9dit\u00e9 chez Grasset. Laurent Ruquier invite Yann Moix \u00e0 s\u2019expliquer dans <em>On n\u2019est Pas Couch\u00e9<\/em>. Pourquoi pas&nbsp;? Mais Moix est son ancien chroniqueur, et personne ne lui apportera, durant cinquante minutes, la moindre contradiction (on aurait pu inviter les journalistes de <em>L\u2019Express <\/em>qui ont sorti l\u2019affaire\u2026) Catherine Barma, qui produit l\u2019\u00e9mission de Ruquier, produit aussi <em>Chez Moix<\/em>, l\u2019\u00e9mission de l\u2019\u00e9crivain sur <em>Paris Premi\u00e8re<\/em>. Dans <em>Touche Pas \u00e0 mon Poste<\/em>, qui prend la d\u00e9fense de Yann Moix&nbsp;? \u00c9ric Naulleau, ancien chroniqueur d\u2019<em>On n\u2019est Pas Couch\u00e9<\/em>. Qui prend aussi sa d\u00e9fense&nbsp;? Bernard-Henri L\u00e9vy, injuri\u00e9 par le jeune Moix antis\u00e9mite qui mais lui aussi est \u00e9dit\u00e9 chez Grasset\u2026<\/p>\n\n\n\n<p>Oui d\u00e9cid\u00e9ment, cette affaire est passionnante\u2026<\/p>\n\n\n\n<p>* <em>Un mode de d\u00e9fense que l\u2019on a pu voir \u00e0 l\u2019\u0153uvre pour sauver des films sous le feu de la critique&nbsp;: <strong>Hoover, Sully, Imitation Game, Mesrine<\/strong>\u2026<\/em><\/p>\n\n\n\n<p><em>**Pendant toute l\u2019\u00e9mission, les chroniqueurs s\u2019effarent de ce que subit le petit Moix, en s\u2019\u00e9tonnant que ce soit possible de nos jours. Peut-\u00eatre que tout simplement, \u00e7a ne l\u2019\u00e9tait pas \u2026<\/em><\/p>\n\n\n\n<p><em>***Imaginons un instant l\u2019inverse. Yann Moix \u00e9crit \u00e0 la premi\u00e8re personne son exp\u00e9rience de p\u00e8re tortionnaire, en justifiant les ch\u00e2timents corporels comme la meilleure forme d\u2019\u00e9ducation. La r\u00e9action du Masque aurait \u00e9t\u00e9 \u00e9videmment toute autre. D\u00e9pla\u00e7ons maintenant notre affaire en 1850, c\u2019est encore l\u2019inverse qui se serait produit&nbsp;: on d\u00e9fendrait Yann Moix, p\u00e8re autoritaire mais garant de l\u2019\u00e9ducation de ses enfants, et on rirait au contraire d\u2019Orl\u00e9ans, sensiblerie ridicule d&rsquo;un enfant devenu adulte. <\/em><\/p>\n\n\n\n<p><\/p>\n\n\n\n<p><\/p>\n","protected":false},"excerpt":{"rendered":"<p>L\u2019\u00ab&nbsp;affaire&nbsp;\u00bb Yann Moix est int\u00e9ressante \u00e0 plus d\u2019un titre, en tout cas pour ce qui nous concerne ici. Le pi\u00e8ge diabolique de l\u2019autofiction, notre douteux rapport avec la \u00ab&nbsp;v\u00e9rit\u00e9&nbsp;\u00bb, le consensus qui tue toute forme de pens\u00e9e, le point Godwin, le fonctionnement de l\u2019industrie show-business, oui, toute cette affaire est passionnante\u2026 Car disons-le tout net&nbsp;: [&hellip;]<\/p>\n","protected":false},"author":4,"featured_media":0,"comment_status":"open","ping_status":"open","sticky":false,"template":"","format":"standard","meta":{"footnotes":""},"categories":[8,2],"tags":[],"class_list":["post-5416","post","type-post","status-publish","format-standard","hentry","category-le-professor-a-toujours-quelque-chose-a-dire","category-les-gens"],"_links":{"self":[{"href":"https:\/\/www.cinefast.com\/index.php?rest_route=\/wp\/v2\/posts\/5416","targetHints":{"allow":["GET"]}}],"collection":[{"href":"https:\/\/www.cinefast.com\/index.php?rest_route=\/wp\/v2\/posts"}],"about":[{"href":"https:\/\/www.cinefast.com\/index.php?rest_route=\/wp\/v2\/types\/post"}],"author":[{"embeddable":true,"href":"https:\/\/www.cinefast.com\/index.php?rest_route=\/wp\/v2\/users\/4"}],"replies":[{"embeddable":true,"href":"https:\/\/www.cinefast.com\/index.php?rest_route=%2Fwp%2Fv2%2Fcomments&post=5416"}],"version-history":[{"count":8,"href":"https:\/\/www.cinefast.com\/index.php?rest_route=\/wp\/v2\/posts\/5416\/revisions"}],"predecessor-version":[{"id":5915,"href":"https:\/\/www.cinefast.com\/index.php?rest_route=\/wp\/v2\/posts\/5416\/revisions\/5915"}],"wp:attachment":[{"href":"https:\/\/www.cinefast.com\/index.php?rest_route=%2Fwp%2Fv2%2Fmedia&parent=5416"}],"wp:term":[{"taxonomy":"category","embeddable":true,"href":"https:\/\/www.cinefast.com\/index.php?rest_route=%2Fwp%2Fv2%2Fcategories&post=5416"},{"taxonomy":"post_tag","embeddable":true,"href":"https:\/\/www.cinefast.com\/index.php?rest_route=%2Fwp%2Fv2%2Ftags&post=5416"}],"curies":[{"name":"wp","href":"https:\/\/api.w.org\/{rel}","templated":true}]}}