{"id":5052,"date":"2018-04-23T16:58:30","date_gmt":"2018-04-23T14:58:30","guid":{"rendered":"http:\/\/www.cinefast.com\/?p=5052"},"modified":"2018-04-23T16:59:05","modified_gmt":"2018-04-23T14:59:05","slug":"jusqua-la-garde","status":"publish","type":"post","link":"https:\/\/www.cinefast.com\/?p=5052","title":{"rendered":"Jusqu&rsquo;\u00e0 la garde"},"content":{"rendered":"<p>Le cerveau du Cinefaster est son propre ennemi. Apr\u00e8s avoir admir\u00e9 en 2012 le court-m\u00e9trage de Xavier Legrand, <strong><a href=\"http:\/\/www.cinefast.com\/?p=2914\">Avant que de tout Perdre<\/a><\/strong>, on s&rsquo;est abstenu de lire un quelconque commentaire avant de se d\u00e9lecter de son premier long m\u00e9trage <strong>Jusqu&rsquo;\u00e0 la Garde<\/strong>. <\/p>\n<p>Mais quelque part, on a d\u00fb saisir un indice qui laissait entendre une autre fin que celle du film. Le mot \u00ab ambigu \u00bb flottait dans l\u2019air. Et donc pendant toute la projection, le cerveau se d\u00e9lectait de cette \u00ab ambigu\u00eft\u00e9 \u00bb, et la cherchait partout, m\u00eame l\u00e0 o\u00f9 il n\u2019y en avait pas. Tirer des fils ; regrouper des indices qui m\u00e8neraient \u00e0 cette fin \u00ab ambigu\u00eb \u00bb, \u00e9videmment cela pollue consid\u00e9rablement l&rsquo;appr\u00e9ciation du film, surtout qu\u2019\u00e0 la fin, on ne trouve pas \u00ab l&rsquo;autre fin \u00bb.<\/p>\n<p>On vous laissera donc la d\u00e9couvrir vous-m\u00eame car les qualit\u00e9s du film sont ind\u00e9niables. Autour de ce qui se faisait d\u00e9j\u00e0 le sujet de son court-m\u00e9trage (\u00e0 savoir les violences familiales, et dont on n\u2019avait pas compris qu&rsquo;il \u00e9tait \u00e9videmment le <em>prequel<\/em> de <strong>Jusqu&rsquo;\u00e0 la garde<\/strong>), Xavier Legrand tisse le r\u00e9seau de la maltraitance psychologique. \u00c7a commence chez le juge, \u00e7a se poursuit sur les parents, les enfants, et les grands-parents. O\u00f9 cette histoire nous m\u00e8nera ? On ne fera pas la m\u00eame erreur : vous raconter quelque chose qui pourrait vous intriguer. Puissamment \u00e9crit et interpr\u00e9t\u00e9, il monte jusqu\u2019\u00e0 son apex avec un moteur de V8. Voil\u00e0 du bon cin\u00e9ma fran\u00e7ais\u2026<\/p>\n","protected":false},"excerpt":{"rendered":"<p>Le cerveau du Cinefaster est son propre ennemi. Apr\u00e8s avoir admir\u00e9 en 2012 le court-m\u00e9trage de Xavier Legrand, Avant que de tout Perdre, on s&rsquo;est abstenu de lire un quelconque commentaire avant de se d\u00e9lecter de son premier long m\u00e9trage Jusqu&rsquo;\u00e0 la Garde. Mais quelque part, on a d\u00fb saisir un indice qui laissait entendre [&hellip;]<\/p>\n","protected":false},"author":4,"featured_media":0,"comment_status":"open","ping_status":"open","sticky":false,"template":"","format":"standard","meta":{"footnotes":""},"categories":[3],"tags":[],"class_list":["post-5052","post","type-post","status-publish","format-standard","hentry","category-les-films"],"_links":{"self":[{"href":"https:\/\/www.cinefast.com\/index.php?rest_route=\/wp\/v2\/posts\/5052","targetHints":{"allow":["GET"]}}],"collection":[{"href":"https:\/\/www.cinefast.com\/index.php?rest_route=\/wp\/v2\/posts"}],"about":[{"href":"https:\/\/www.cinefast.com\/index.php?rest_route=\/wp\/v2\/types\/post"}],"author":[{"embeddable":true,"href":"https:\/\/www.cinefast.com\/index.php?rest_route=\/wp\/v2\/users\/4"}],"replies":[{"embeddable":true,"href":"https:\/\/www.cinefast.com\/index.php?rest_route=%2Fwp%2Fv2%2Fcomments&post=5052"}],"version-history":[{"count":2,"href":"https:\/\/www.cinefast.com\/index.php?rest_route=\/wp\/v2\/posts\/5052\/revisions"}],"predecessor-version":[{"id":5054,"href":"https:\/\/www.cinefast.com\/index.php?rest_route=\/wp\/v2\/posts\/5052\/revisions\/5054"}],"wp:attachment":[{"href":"https:\/\/www.cinefast.com\/index.php?rest_route=%2Fwp%2Fv2%2Fmedia&parent=5052"}],"wp:term":[{"taxonomy":"category","embeddable":true,"href":"https:\/\/www.cinefast.com\/index.php?rest_route=%2Fwp%2Fv2%2Fcategories&post=5052"},{"taxonomy":"post_tag","embeddable":true,"href":"https:\/\/www.cinefast.com\/index.php?rest_route=%2Fwp%2Fv2%2Ftags&post=5052"}],"curies":[{"name":"wp","href":"https:\/\/api.w.org\/{rel}","templated":true}]}}