{"id":500,"date":"2009-11-02T21:40:13","date_gmt":"2009-11-02T19:40:13","guid":{"rendered":"http:\/\/www.cinefast.com\/?p=500"},"modified":"2009-11-07T18:59:12","modified_gmt":"2009-11-07T16:59:12","slug":"jeunet-le-cercle-a-la-rescousse","status":"publish","type":"post","link":"https:\/\/www.cinefast.com\/?p=500","title":{"rendered":"Jeunet : Le Cercle \u00e0 la rescousse !"},"content":{"rendered":"<p>Un samedi d&rsquo;insomnie, et nous voil\u00e0 devant <em>Le Cercle<\/em>, une des bonnes \u00e9missions du PAF sur le cin\u00e9ma. Des critiques d&rsquo;horizons vari\u00e9s (<em>Positif, Le Parisien, Le Nouvel Obs, France Culture<\/em>), des jeunes et des vieux, des intellos mais pas que&#8230;<\/p>\n<p>On parlait donc du Jean-Pierre Jeunet, <strong>Micmacs \u00e0 Tire-Larigot<\/strong>, que, pour ma part, je n&rsquo;irai pas voir. Mais bon, c&rsquo;est bien de ne pas se sentir tout seul face \u00e0 la promo.<\/p>\n<p>C&rsquo;est Fran\u00e7ois Begaudeau, dont je n&rsquo;ai toujours pas vu le film, qui porta l&rsquo;estocade, avec un joli talent de rh\u00e9teur. Il est prof de fran\u00e7ais, ce n&rsquo;est pas pour rien non plus&#8230;<\/p>\n<p>Quelques instants auparavant, Philippe Rouyer, le critique de Positif qui avait aim\u00e9 <strong>Micmacs \u00e0 Tire-Larigot<\/strong>, avait d\u00e9cortiqu\u00e9 une sc\u00e8ne du film en signalant que Jeunet, justement, s&rsquo;\u00e9tait gentiment moqu\u00e9 des critiques \u00ab <em>qui voient parfois dans les films des choses que le r\u00e9alisateur n&rsquo;a m\u00eame pas voulu mettre <\/em>\u00bb.<\/p>\n<p>J&rsquo;aurais d\u00fb bondir devant cette d\u00e9finition plagiaire de CineFast, mais c&rsquo;est Fran\u00e7ois Begaudeau qui le fit. \u00ab <em>C&rsquo;est bien \u00e7a le probl\u00e8me de Jean-Pierre Jeunet <\/em>\u00bb, dit-il, \u00ab <em>Il ne peut tout simplement pas comprendre que l&rsquo;on voit autre chose que lui dans son film, parce qu&rsquo;il veut tout contr\u00f4ler ! Tout ce qui est \u00e0 l\u2019image ! Le d\u00e9cor, les costumes, les acteurs, tout est millim\u00e9tr\u00e9 ! C&rsquo;est \u00e7a qui est chiant dans les films de Jeunet ! Mais ce qu&rsquo;il veut mettre, lui, dans son film, on s&rsquo;en fout ! Ce qui est int\u00e9ressant, c&rsquo;est ce que NOUS, spectateur, on y voit ! <\/em>\u00bb et d\u2019enfoncer le clou plus tard \u00e0 propos des acteurs, Omar Sy (de Omar et Fred) et Julie Ferrier : \u00ab <em>\u00c7a aussi c&rsquo;est symptomatique du cin\u00e9ma de Jeunet ! Prendre un type comme Omar, qui a un \u00e9norme potentiel comique, et l&rsquo;obliger \u00e0 ne parler qu&rsquo;avec des proverbes, ou Ferrier, l\u2019obliger \u00e0 jouer seulement la femme-caoutchouc, c&rsquo;est dommage. C&rsquo;est r\u00e9sumer chaque personnage \u00e0 un clich\u00e9. Jeunet n&rsquo;attend pas que ses acteurs lui am\u00e8ne quelque chose. Il n&rsquo;a pas confiance dans ses acteurs&#8230; il n\u2019a confiance qu\u2019en lui-m\u00eame. C&rsquo;est pour \u00e7a qu&rsquo;il veut tout contr\u00f4ler&#8230;<\/em> \u00bb<\/p>\n<p>Je biche&#8230; \u00c7a se voit ?<\/p>\n<p><em>PS On avait d\u00e9j\u00e0 abord\u00e9 le probl\u00e8me Jeunet, dans cette chronique \u00ab <a href=\"http:\/\/www.cinefast.com\/?p=8 \">Jeunet : Objets inanim\u00e9s, avez-vous donc une \u00e2me<\/a> ? \u00bb consacr\u00e9e \u00e0 <strong>Un Long Dimanche de Fian\u00e7ailles<\/strong>).<\/p>\n<p><strong>Le Cercle<\/strong><br \/>\nVendredi \u00e0 22h20 sur Canal+Cin\u00e9ma<\/em><\/p>\n","protected":false},"excerpt":{"rendered":"<p>Un samedi d&rsquo;insomnie, et nous voil\u00e0 devant Le Cercle, une des bonnes \u00e9missions du PAF sur le cin\u00e9ma. Des critiques d&rsquo;horizons vari\u00e9s (Positif, Le Parisien, Le Nouvel Obs, France Culture), des jeunes et des vieux, des intellos mais pas que&#8230; On parlait donc du Jean-Pierre Jeunet, Micmacs \u00e0 Tire-Larigot, que, pour ma part, je n&rsquo;irai [&hellip;]<\/p>\n","protected":false},"author":4,"featured_media":0,"comment_status":"open","ping_status":"open","sticky":false,"template":"","format":"standard","meta":{"footnotes":""},"categories":[8,2,7],"tags":[],"class_list":["post-500","post","type-post","status-publish","format-standard","hentry","category-le-professor-a-toujours-quelque-chose-a-dire","category-les-gens","category-pour-en-finir-avec"],"_links":{"self":[{"href":"https:\/\/www.cinefast.com\/index.php?rest_route=\/wp\/v2\/posts\/500","targetHints":{"allow":["GET"]}}],"collection":[{"href":"https:\/\/www.cinefast.com\/index.php?rest_route=\/wp\/v2\/posts"}],"about":[{"href":"https:\/\/www.cinefast.com\/index.php?rest_route=\/wp\/v2\/types\/post"}],"author":[{"embeddable":true,"href":"https:\/\/www.cinefast.com\/index.php?rest_route=\/wp\/v2\/users\/4"}],"replies":[{"embeddable":true,"href":"https:\/\/www.cinefast.com\/index.php?rest_route=%2Fwp%2Fv2%2Fcomments&post=500"}],"version-history":[{"count":2,"href":"https:\/\/www.cinefast.com\/index.php?rest_route=\/wp\/v2\/posts\/500\/revisions"}],"predecessor-version":[{"id":508,"href":"https:\/\/www.cinefast.com\/index.php?rest_route=\/wp\/v2\/posts\/500\/revisions\/508"}],"wp:attachment":[{"href":"https:\/\/www.cinefast.com\/index.php?rest_route=%2Fwp%2Fv2%2Fmedia&parent=500"}],"wp:term":[{"taxonomy":"category","embeddable":true,"href":"https:\/\/www.cinefast.com\/index.php?rest_route=%2Fwp%2Fv2%2Fcategories&post=500"},{"taxonomy":"post_tag","embeddable":true,"href":"https:\/\/www.cinefast.com\/index.php?rest_route=%2Fwp%2Fv2%2Ftags&post=500"}],"curies":[{"name":"wp","href":"https:\/\/api.w.org\/{rel}","templated":true}]}}