{"id":4987,"date":"2018-02-03T14:53:52","date_gmt":"2018-02-03T13:53:52","guid":{"rendered":"http:\/\/www.cinefast.com\/?p=4987"},"modified":"2018-02-03T14:53:52","modified_gmt":"2018-02-03T13:53:52","slug":"auschwitz-project","status":"publish","type":"post","link":"https:\/\/www.cinefast.com\/?p=4987","title":{"rendered":"Auschwitz Project"},"content":{"rendered":"<p>Comment d\u00e9montrer qu\u2019aucune image &#8211; m\u00eame dans le documentaire &#8211; n&rsquo;est objective ? Que le choix des angles de cam\u00e9ra, la profondeur de champ, la focale, tout cela est plus qu&rsquo;un m\u00e9tier, mais bien un art, tout ce que justement nous d\u00e9fendons ici ? <\/p>\n<p><strong>Auschwitz Project<\/strong>, le documentaire d\u2019Emil Weiss qui passe en ce moment sur Arte, le d\u00e9montre. <\/p>\n<p>S\u2019attaquant \u00e0 ce sujet ultra rebattu, Weiss veut le traiter journalistiquement sur un autre angle, et propose donc autre chose \u00e0 voir. Film\u00e9 enti\u00e8rement par drone, \u00e0 haute altitude au-dessus des rocades de la ville d\u2019O?wi?cim, ou au raz du sol, dans les couloirs barbel\u00e9s d\u2019Auschwitz I, sa mise en sc\u00e8ne tient parfaitement le propos.<\/p>\n<p>Ce n&rsquo;est pas un documentaire de plus sur l\u2019Holocauste, mais comme son nom l\u2019indique sur le \u00ab projet \u00bb Auschwitz. Un projet \u00e0 la fois militaire, industriel et id\u00e9ologique. Car Auschwitz n\u2019est pas seulement la camp d\u2019extermination de million de personnes, c&rsquo;\u00e9tait aussi une caserne militaire, des fermes, des \u00e9tangs piscicole, des laboratoires scientifiques, et un vaste complexe p\u00e9trochimique IG Farben (o\u00f9 travaillai Primo Levi). Ce point de vue, qu&rsquo;on appelle <em>God&rsquo;s eye<\/em> en cadrage est parfait pour comprendre \u00e0 la fois l&rsquo;ampleur g\u00e9ographique et l&rsquo;ambition totalitaire du projet nazi. <\/p>\n<p>Cette vue d\u2019en haut, planante et silencieuse comme la mort, est tout aussi \u00e9ducative que terrifiante. <\/p>\n<p><em><strong>Auschwitz Project<\/strong>, d\u2019Emil Weiss<br \/>\nSur Arte en replay <\/em><\/p>\n","protected":false},"excerpt":{"rendered":"<p>Comment d\u00e9montrer qu\u2019aucune image &#8211; m\u00eame dans le documentaire &#8211; n&rsquo;est objective ? Que le choix des angles de cam\u00e9ra, la profondeur de champ, la focale, tout cela est plus qu&rsquo;un m\u00e9tier, mais bien un art, tout ce que justement nous d\u00e9fendons ici ? Auschwitz Project, le documentaire d\u2019Emil Weiss qui passe en ce moment [&hellip;]<\/p>\n","protected":false},"author":4,"featured_media":0,"comment_status":"open","ping_status":"open","sticky":false,"template":"","format":"standard","meta":{"footnotes":""},"categories":[15],"tags":[],"class_list":["post-4987","post","type-post","status-publish","format-standard","hentry","category-documentaire"],"_links":{"self":[{"href":"https:\/\/www.cinefast.com\/index.php?rest_route=\/wp\/v2\/posts\/4987","targetHints":{"allow":["GET"]}}],"collection":[{"href":"https:\/\/www.cinefast.com\/index.php?rest_route=\/wp\/v2\/posts"}],"about":[{"href":"https:\/\/www.cinefast.com\/index.php?rest_route=\/wp\/v2\/types\/post"}],"author":[{"embeddable":true,"href":"https:\/\/www.cinefast.com\/index.php?rest_route=\/wp\/v2\/users\/4"}],"replies":[{"embeddable":true,"href":"https:\/\/www.cinefast.com\/index.php?rest_route=%2Fwp%2Fv2%2Fcomments&post=4987"}],"version-history":[{"count":1,"href":"https:\/\/www.cinefast.com\/index.php?rest_route=\/wp\/v2\/posts\/4987\/revisions"}],"predecessor-version":[{"id":4988,"href":"https:\/\/www.cinefast.com\/index.php?rest_route=\/wp\/v2\/posts\/4987\/revisions\/4988"}],"wp:attachment":[{"href":"https:\/\/www.cinefast.com\/index.php?rest_route=%2Fwp%2Fv2%2Fmedia&parent=4987"}],"wp:term":[{"taxonomy":"category","embeddable":true,"href":"https:\/\/www.cinefast.com\/index.php?rest_route=%2Fwp%2Fv2%2Fcategories&post=4987"},{"taxonomy":"post_tag","embeddable":true,"href":"https:\/\/www.cinefast.com\/index.php?rest_route=%2Fwp%2Fv2%2Ftags&post=4987"}],"curies":[{"name":"wp","href":"https:\/\/api.w.org\/{rel}","templated":true}]}}