{"id":486,"date":"2009-10-25T13:00:57","date_gmt":"2009-10-25T11:00:57","guid":{"rendered":"http:\/\/www.cinefast.com\/?p=486"},"modified":"2009-10-25T13:07:23","modified_gmt":"2009-10-25T11:07:23","slug":"un-village-francais-saison-2","status":"publish","type":"post","link":"https:\/\/www.cinefast.com\/?p=486","title":{"rendered":"Un Village Fran\u00e7ais, saison 2"},"content":{"rendered":"<p><strong>Un Village Fran\u00e7ais<\/strong>, c&rsquo;est reparti. Rien que le titre de cette chronique pique les yeux, sachant qu&rsquo;il s&rsquo;agit de notre propre histoire : je doute que nos parents aient eu conscience d&rsquo;attaquer la saison deux de l&rsquo;occupation allemande en janvier 1941.<\/p>\n<p>C&rsquo;est tout le g\u00e9nie de <a href=\"http:\/\/www.cinefast.com\/?p=420\">cette merveilleuse s\u00e9rie <\/a>: un point de vue impeccable, in\u00e9dit, sur cette p\u00e9riode. Par ailleurs, la mise en sc\u00e8ne est quelconque, les acteurs aussi, mais le sc\u00e9nario, le texte, les dialogues, sont aux petits oignons.<\/p>\n<p>Un exemple dans le premier \u00e9pisode de la Saison 2, on traite de la spoliation de juifs de mani\u00e8re presque anecdotique : on offre au fils de Marcel &#8211; le militant communiste &#8211; un jouet d&rsquo;occasion \u00e0 la brocante, qui  pose les bonnes questions au collabo qui lui offre : d&rsquo;o\u00f9 vient ce jouet ? O\u00f9 est le petit gar\u00e7on qui le poss\u00e9dait ? S&rsquo;il revient, devrais-je lui rendre ? Le flic a du mal \u00e0 lui r\u00e9pondre, car il n&rsquo;en est pas tr\u00e8s s\u00fbr lui-m\u00eame&#8230; le tout trait\u00e9 sans pathos, sans p\u00e9dagogie lourdingue, sans manich\u00e9isme aucun\u2026<\/p>\n<p>De m\u00eame, on se met \u00e0 r\u00e9sister par d\u00e9pit : comme dit une pute : \u00ab <em>Faut bien que quelqu&rsquo;un fasse quelque chose !<\/em> \u00bb&#8230; Et quand un habitant du village parle de De Gaulle, les gens ricanent&#8230; C&rsquo;est \u00e0 ces petits d\u00e9tails qu&rsquo;on reconna\u00eet une grande ambition, celle de J.-P. Azema, consultant sur la s\u00e9rie, qui, visiblement, n&rsquo;\u00e9tait pas seulement charg\u00e9 de choisir les L\u00fcger chez l&rsquo;accessoiriste&#8230;<\/p>\n<p>Ne ratez pas la suite, et la fin de la saison 2 mardi prochain&#8230;<\/p>\n<p><em><strong>Un Village Fran\u00e7ais,<\/strong><br \/>\n2 \u00e9pisodes tous les mardi, 20h35<br \/>\nFrance 3 <\/em><\/p>\n","protected":false},"excerpt":{"rendered":"<p>Un Village Fran\u00e7ais, c&rsquo;est reparti. Rien que le titre de cette chronique pique les yeux, sachant qu&rsquo;il s&rsquo;agit de notre propre histoire : je doute que nos parents aient eu conscience d&rsquo;attaquer la saison deux de l&rsquo;occupation allemande en janvier 1941. C&rsquo;est tout le g\u00e9nie de cette merveilleuse s\u00e9rie : un point de vue impeccable, [&hellip;]<\/p>\n","protected":false},"author":4,"featured_media":0,"comment_status":"open","ping_status":"open","sticky":false,"template":"","format":"standard","meta":{"footnotes":""},"categories":[6],"tags":[],"class_list":["post-486","post","type-post","status-publish","format-standard","hentry","category-series-tv"],"_links":{"self":[{"href":"https:\/\/www.cinefast.com\/index.php?rest_route=\/wp\/v2\/posts\/486","targetHints":{"allow":["GET"]}}],"collection":[{"href":"https:\/\/www.cinefast.com\/index.php?rest_route=\/wp\/v2\/posts"}],"about":[{"href":"https:\/\/www.cinefast.com\/index.php?rest_route=\/wp\/v2\/types\/post"}],"author":[{"embeddable":true,"href":"https:\/\/www.cinefast.com\/index.php?rest_route=\/wp\/v2\/users\/4"}],"replies":[{"embeddable":true,"href":"https:\/\/www.cinefast.com\/index.php?rest_route=%2Fwp%2Fv2%2Fcomments&post=486"}],"version-history":[{"count":2,"href":"https:\/\/www.cinefast.com\/index.php?rest_route=\/wp\/v2\/posts\/486\/revisions"}],"predecessor-version":[{"id":488,"href":"https:\/\/www.cinefast.com\/index.php?rest_route=\/wp\/v2\/posts\/486\/revisions\/488"}],"wp:attachment":[{"href":"https:\/\/www.cinefast.com\/index.php?rest_route=%2Fwp%2Fv2%2Fmedia&parent=486"}],"wp:term":[{"taxonomy":"category","embeddable":true,"href":"https:\/\/www.cinefast.com\/index.php?rest_route=%2Fwp%2Fv2%2Fcategories&post=486"},{"taxonomy":"post_tag","embeddable":true,"href":"https:\/\/www.cinefast.com\/index.php?rest_route=%2Fwp%2Fv2%2Ftags&post=486"}],"curies":[{"name":"wp","href":"https:\/\/api.w.org\/{rel}","templated":true}]}}