{"id":4712,"date":"2017-06-07T11:45:20","date_gmt":"2017-06-07T09:45:20","guid":{"rendered":"http:\/\/www.cinefast.com\/?p=4712"},"modified":"2017-06-05T11:47:18","modified_gmt":"2017-06-05T09:47:18","slug":"la-317e-section","status":"publish","type":"post","link":"https:\/\/www.cinefast.com\/?p=4712","title":{"rendered":"La 317e Section"},"content":{"rendered":"<p>\u00c7a faisait un bout de temps que le DVD (Collection \u00ab Le Monde \u00bb) tra\u00eenait sur la commode, et que le Lieutenant Jeg, du <em>3\u00e8me Cuir<\/em>, me tannait pour que je regarde le \u00ab meilleur des films de guerre \u00bb.<\/p>\n<p>Voil\u00e0 c\u2019est fait, et cette r\u00e9putation n&rsquo;est pas usurp\u00e9e. On connaissait \u00e9videmment le cin\u00e9ma particulier de Pierre Schoendoerffer (<strong>Le Crabe Tambour, L\u2019Honneur d\u2019un Capitaine<\/strong>) mais cette <strong>317e Section<\/strong> nous avait, bizarrement, longtemps r\u00e9sist\u00e9. Et c&rsquo;est vrai que c&rsquo;est un choc.<\/p>\n<p>Cette \u00e9vocation r\u00e9aliste, quasi-documentaire, de cette vie de section (une vingtaine d\u2019hommes) qui retraite depuis Di\u00ean Bi\u00ean Phu, on aurait d\u00fb la voir depuis longtemps au cin\u00e9ma. <\/p>\n<p>Le r\u00e9alisme, ce n&rsquo;est pas la question du bon bruitage d\u2019un son de fusil, de la taille de costumes parfaitement raccords avec l&rsquo;\u00e9poque, ou de d\u00e9cors somptueux. C&rsquo;est d&rsquo;abord une question de personnages. Et l\u00e0, il y en a deux, arch\u00e9types du jeune chef de section (Jacques Perrin) et du vieil adjudant (Bruno Cremer) qui en a vu d&rsquo;autres. <\/p>\n<p>Pierre Schoendoerffer n\u2019en fait pas des tonnes sur le sujet. Parce que, comme lui (dans un contexte autrement moins dangereux), nous avons pass\u00e9 un an dans l\u2019arm\u00e9e fran\u00e7aise, il fallait que cette \u00e9vocation soit r\u00e9aliste, sur ce microcosme bizarre qu\u2019est une section de soldats, m\u00e9lange \u00e9ternel de camaraderies et de violences, de courages et de faiblesses. <\/p>\n<p>C&rsquo;est ce que r\u00e9ussit pr\u00e9cis\u00e9ment Schoendoerffer. Il n\u2019est pas le seul, ni le premier soldat-\u00e9crivain-cin\u00e9aste (C\u00e9line, Giraudoux, J\u00fcnger, F\u00fcller, Stone), mais sa r\u00e9ussite est particuli\u00e8re. Parce que l&rsquo;on s&rsquo;attache \u00e0 la r\u00e9alit\u00e9 de ses personnages, \u00e0 leur v\u00e9racit\u00e9 \u00e9motionnelle, on les suit sans difficult\u00e9 dans leurs p\u00e9r\u00e9grinations dans la jungle, et pas l\u2019inverse. Le cin\u00e9ma s\u2019attache souvent \u00e0 l\u2019histoire, au d\u00e9triment des motivations de ses personnages, souvent r\u00e9duits \u00e0 un clich\u00e9 (le sergent cruel-mais-juste, le soldat-objecteur-de-conscience-mais-courageux).<\/p>\n<p>Ici, pas de r\u00e9demption, mais quelques instants dans la vie de soldats traqu\u00e9s et d\u00e9faits, mais qui reste des hommes. Malgr\u00e9 le harc\u00e8lement des Vietminh, reste l&rsquo;espoir de s&rsquo;en sortir, la possibilit\u00e9 de porter soi-m\u00eame des coups \u00e0 l\u2019ennemi, la violence et la peur. <\/p>\n<p>Le film se terminera abruptement comme se termine une guerre, comme se termine une vie. Cinquante ans apr\u00e8s, le film n&rsquo;est pas pris une ride sur ce plan-l\u00e0. Qu&rsquo;on ait fr\u00e9quent\u00e9 ou non l&rsquo;arm\u00e9e fran\u00e7aise, il faut voir ce film.<\/p>\n","protected":false},"excerpt":{"rendered":"<p>\u00c7a faisait un bout de temps que le DVD (Collection \u00ab Le Monde \u00bb) tra\u00eenait sur la commode, et que le Lieutenant Jeg, du 3\u00e8me Cuir, me tannait pour que je regarde le \u00ab meilleur des films de guerre \u00bb. Voil\u00e0 c\u2019est fait, et cette r\u00e9putation n&rsquo;est pas usurp\u00e9e. On connaissait \u00e9videmment le cin\u00e9ma particulier [&hellip;]<\/p>\n","protected":false},"author":4,"featured_media":0,"comment_status":"open","ping_status":"open","sticky":false,"template":"","format":"standard","meta":{"footnotes":""},"categories":[5,3],"tags":[],"class_list":["post-4712","post","type-post","status-publish","format-standard","hentry","category-a-votre-vod","category-les-films"],"_links":{"self":[{"href":"https:\/\/www.cinefast.com\/index.php?rest_route=\/wp\/v2\/posts\/4712","targetHints":{"allow":["GET"]}}],"collection":[{"href":"https:\/\/www.cinefast.com\/index.php?rest_route=\/wp\/v2\/posts"}],"about":[{"href":"https:\/\/www.cinefast.com\/index.php?rest_route=\/wp\/v2\/types\/post"}],"author":[{"embeddable":true,"href":"https:\/\/www.cinefast.com\/index.php?rest_route=\/wp\/v2\/users\/4"}],"replies":[{"embeddable":true,"href":"https:\/\/www.cinefast.com\/index.php?rest_route=%2Fwp%2Fv2%2Fcomments&post=4712"}],"version-history":[{"count":1,"href":"https:\/\/www.cinefast.com\/index.php?rest_route=\/wp\/v2\/posts\/4712\/revisions"}],"predecessor-version":[{"id":4713,"href":"https:\/\/www.cinefast.com\/index.php?rest_route=\/wp\/v2\/posts\/4712\/revisions\/4713"}],"wp:attachment":[{"href":"https:\/\/www.cinefast.com\/index.php?rest_route=%2Fwp%2Fv2%2Fmedia&parent=4712"}],"wp:term":[{"taxonomy":"category","embeddable":true,"href":"https:\/\/www.cinefast.com\/index.php?rest_route=%2Fwp%2Fv2%2Fcategories&post=4712"},{"taxonomy":"post_tag","embeddable":true,"href":"https:\/\/www.cinefast.com\/index.php?rest_route=%2Fwp%2Fv2%2Ftags&post=4712"}],"curies":[{"name":"wp","href":"https:\/\/api.w.org\/{rel}","templated":true}]}}