{"id":459,"date":"2009-09-17T23:13:03","date_gmt":"2009-09-17T21:13:03","guid":{"rendered":"http:\/\/www.cinefast.com\/?p=459"},"modified":"2009-09-17T23:13:03","modified_gmt":"2009-09-17T21:13:03","slug":"alain-delon-ou-la-foire-aux-vanites","status":"publish","type":"post","link":"https:\/\/www.cinefast.com\/?p=459","title":{"rendered":"Alain Delon, ou la foire aux vanit\u00e9s"},"content":{"rendered":"<p>Sacr\u00e9 Alain Delon ! Son intervention ce matin sur Europe 1, cens\u00e9ment une \u00e9loge fun\u00e8bre de Filip Nikolic, le chanteur des 2be3, a tourn\u00e9 une fois de plus \u00e0 l&rsquo;exercice d\u00e9lirant d&rsquo;autopromotion :<\/p>\n<p>\u00ab <em>J\u2019ai connu Filip quand il a d\u00e9but\u00e9 avec les 2Be3, il venait me voir sur les plateaux, sur les tournages, parce qu\u2019il \u00e9tait tr\u00e8s admiratif de moi.<\/em> \u00bb<\/p>\n<p>Et trente secondes plus tard :<\/p>\n<p>\u2026 \u00ab <em>C\u2019\u00e9tait un admirateur du cin\u00e9ma, et de ma carri\u00e8re, et personnellement de moi<\/em>\u2026 \u00bb<\/p>\n<p>et encore\u2026<\/p>\n<p>&#8211; \u00ab \u2026<em>On avait beaucoup de traits physiques en commun, Filip n&rsquo;\u00e9tait pas mal fait de sa personne<\/em>. \u00bb<\/p>\n<p>A ce niveau-l\u00e0, c&rsquo;est une maladie, et c&rsquo;est en phase terminale ! On savait les acteurs \u00e9gocentriques, amoureux d&rsquo;eux-m\u00eames (et il faut tr\u00e8s certainement l&rsquo;\u00eatre pour faire ce m\u00e9tier), mais notre Alain Delon national est tr\u00e8s certainement champion du monde \u00e0 cet exercice !<\/p>\n<p>Profiter de la mort du pauvre 2be3 pour parler de lui, il fallait oser. Mais Delon est coutumier du fait, puisqu&rsquo;\u00e0 la mort de Marlon Brando, il avait fait le m\u00eame coup : \u00ab <em>Maintenant qu&rsquo;il est mort, je suis seul <\/em>\u00bb<\/p>\n<p>Rappelons que le ragazzo d\u00e9nich\u00e9 dans le lit de Visconti a fait une belle carri\u00e8re (<strong>Plein Soleil, Le Gu\u00e9pard<\/strong>, essentiellement du \u00e0 sa beaut\u00e9 exceptionnelle, mais que celle-ci ayant p\u00e9riclit\u00e9 avec la quarantaine, ses films sont devenus concomitamment de plus en plus mauvais dans les ann\u00e9es 80 (<strong>Le Toubib<\/strong>, <strong>Le Choc<\/strong>, <strong>Le Battant<\/strong>, etc. Comme me l&rsquo;avait expliqu\u00e9 Nathalie, une copine com\u00e9dienne, Alain Delon est un acteur (qui ne joue que son propre r\u00f4le), et pas un com\u00e9dien (qui peut tout jouer)\u2026<\/p>\n<p><a href=\"http:\/\/www.europe1.fr\/Culture\/L-hommage-de-Delon-a-Filip-des-2Be3-et-a-lui-meme\/(gid)\/242865\">Pour ceux qui douteraient de l\u2019authenticit\u00e9 de cette chronique, c\u2019est ici <\/a>: magie d\u2019Internet !<\/p>\n","protected":false},"excerpt":{"rendered":"<p>Sacr\u00e9 Alain Delon ! Son intervention ce matin sur Europe 1, cens\u00e9ment une \u00e9loge fun\u00e8bre de Filip Nikolic, le chanteur des 2be3, a tourn\u00e9 une fois de plus \u00e0 l&rsquo;exercice d\u00e9lirant d&rsquo;autopromotion : \u00ab J\u2019ai connu Filip quand il a d\u00e9but\u00e9 avec les 2Be3, il venait me voir sur les plateaux, sur les tournages, parce [&hellip;]<\/p>\n","protected":false},"author":4,"featured_media":0,"comment_status":"open","ping_status":"open","sticky":false,"template":"","format":"standard","meta":{"footnotes":""},"categories":[9,8,2,7],"tags":[],"class_list":["post-459","post","type-post","status-publish","format-standard","hentry","category-hollywood-gossip","category-le-professor-a-toujours-quelque-chose-a-dire","category-les-gens","category-pour-en-finir-avec"],"_links":{"self":[{"href":"https:\/\/www.cinefast.com\/index.php?rest_route=\/wp\/v2\/posts\/459","targetHints":{"allow":["GET"]}}],"collection":[{"href":"https:\/\/www.cinefast.com\/index.php?rest_route=\/wp\/v2\/posts"}],"about":[{"href":"https:\/\/www.cinefast.com\/index.php?rest_route=\/wp\/v2\/types\/post"}],"author":[{"embeddable":true,"href":"https:\/\/www.cinefast.com\/index.php?rest_route=\/wp\/v2\/users\/4"}],"replies":[{"embeddable":true,"href":"https:\/\/www.cinefast.com\/index.php?rest_route=%2Fwp%2Fv2%2Fcomments&post=459"}],"version-history":[{"count":0,"href":"https:\/\/www.cinefast.com\/index.php?rest_route=\/wp\/v2\/posts\/459\/revisions"}],"wp:attachment":[{"href":"https:\/\/www.cinefast.com\/index.php?rest_route=%2Fwp%2Fv2%2Fmedia&parent=459"}],"wp:term":[{"taxonomy":"category","embeddable":true,"href":"https:\/\/www.cinefast.com\/index.php?rest_route=%2Fwp%2Fv2%2Fcategories&post=459"},{"taxonomy":"post_tag","embeddable":true,"href":"https:\/\/www.cinefast.com\/index.php?rest_route=%2Fwp%2Fv2%2Ftags&post=459"}],"curies":[{"name":"wp","href":"https:\/\/api.w.org\/{rel}","templated":true}]}}