{"id":414,"date":"2009-05-25T22:50:43","date_gmt":"2009-05-25T20:50:43","guid":{"rendered":"http:\/\/www.cinefast.com\/?p=414"},"modified":"2009-05-25T22:52:19","modified_gmt":"2009-05-25T20:52:19","slug":"belzec","status":"publish","type":"post","link":"https:\/\/www.cinefast.com\/?p=414","title":{"rendered":"Belzec"},"content":{"rendered":"<p>Un documentaire, sur le camp d&rsquo;extermination, l&rsquo;autre soir sur France 2 ; int\u00e9ressant mais sans plus : on n&rsquo;apprend rien de plus sur Belzec, alors que l&rsquo;introduction laissait entrevoir un angle in\u00e9dit et int\u00e9ressant : le camp devant \u00eatre r\u00e9habilit\u00e9, comment g\u00e9rer les fouilles arch\u00e9ologiques sur un lieu si atroce ? Malheureusement, on n&rsquo;en su gu\u00e8re plus. Venait s&rsquo;ajouter une ambivalente impression de d\u00e9j\u00e0 vu : si l&rsquo;on oubliait le fond (l\u00e0 n&rsquo;est pas mon propos, \u00e9videmment), on s&rsquo;apercevait que la mise en sc\u00e8ne \u00e9tait copi\u00e9e, plan pour plan, sur celle de <strong>Shoah<\/strong>. M\u00eame voix off posant les questions en fran\u00e7ais, m\u00eame traduction en polonais, m\u00eames panoramiques lents sur la campagne polonaise, m\u00eames plans de coupe sur les bois, les trains, les voies de chemin de fer&#8230;<\/p>\n<p>L&rsquo;id\u00e9e de marcher dans les pas de LA r\u00e9f\u00e9rence sur l&rsquo;holocauste n&rsquo;est pas mauvaise en soi, encore faut-il apporter un contenu\u2026<\/p>\n<p>Mais fallait-il en singer le style ?<\/p>\n","protected":false},"excerpt":{"rendered":"<p>Un documentaire, sur le camp d&rsquo;extermination, l&rsquo;autre soir sur France 2 ; int\u00e9ressant mais sans plus : on n&rsquo;apprend rien de plus sur Belzec, alors que l&rsquo;introduction laissait entrevoir un angle in\u00e9dit et int\u00e9ressant : le camp devant \u00eatre r\u00e9habilit\u00e9, comment g\u00e9rer les fouilles arch\u00e9ologiques sur un lieu si atroce ? Malheureusement, on n&rsquo;en su [&hellip;]<\/p>\n","protected":false},"author":4,"featured_media":0,"comment_status":"open","ping_status":"open","sticky":false,"template":"","format":"standard","meta":{"footnotes":""},"categories":[8],"tags":[],"class_list":["post-414","post","type-post","status-publish","format-standard","hentry","category-le-professor-a-toujours-quelque-chose-a-dire"],"_links":{"self":[{"href":"https:\/\/www.cinefast.com\/index.php?rest_route=\/wp\/v2\/posts\/414","targetHints":{"allow":["GET"]}}],"collection":[{"href":"https:\/\/www.cinefast.com\/index.php?rest_route=\/wp\/v2\/posts"}],"about":[{"href":"https:\/\/www.cinefast.com\/index.php?rest_route=\/wp\/v2\/types\/post"}],"author":[{"embeddable":true,"href":"https:\/\/www.cinefast.com\/index.php?rest_route=\/wp\/v2\/users\/4"}],"replies":[{"embeddable":true,"href":"https:\/\/www.cinefast.com\/index.php?rest_route=%2Fwp%2Fv2%2Fcomments&post=414"}],"version-history":[{"count":0,"href":"https:\/\/www.cinefast.com\/index.php?rest_route=\/wp\/v2\/posts\/414\/revisions"}],"wp:attachment":[{"href":"https:\/\/www.cinefast.com\/index.php?rest_route=%2Fwp%2Fv2%2Fmedia&parent=414"}],"wp:term":[{"taxonomy":"category","embeddable":true,"href":"https:\/\/www.cinefast.com\/index.php?rest_route=%2Fwp%2Fv2%2Fcategories&post=414"},{"taxonomy":"post_tag","embeddable":true,"href":"https:\/\/www.cinefast.com\/index.php?rest_route=%2Fwp%2Fv2%2Ftags&post=414"}],"curies":[{"name":"wp","href":"https:\/\/api.w.org\/{rel}","templated":true}]}}