{"id":3834,"date":"2015-11-25T11:42:09","date_gmt":"2015-11-25T10:42:09","guid":{"rendered":"http:\/\/www.cinefast.com\/?p=3834"},"modified":"2015-11-25T11:44:40","modified_gmt":"2015-11-25T10:44:40","slug":"un-village-francais-la-der-des-der","status":"publish","type":"post","link":"https:\/\/www.cinefast.com\/?p=3834","title":{"rendered":"Un Village Fran\u00e7ais, la Der des Der"},"content":{"rendered":"<p>Il va falloir \u00eatre r\u00e9sistant. C&rsquo;est le slogan, tr\u00e8s bien trouv\u00e9, de la fin annonc\u00e9e de notre saga <strong>Plus Belle la Vie chez les Nazis. <\/strong> Nous sommes en septembre 44, et c\u2019est la Lib\u00e9ration, et bient\u00f4t l\u2019Epuration. Une p\u00e9riode passionnante \u00e0 traiter, et en fait, on r\u00eaverait qu\u2019<strong>Un Village Fran\u00e7ais<\/strong> ne s\u2019arr\u00eate jamais, qu&rsquo;il garde les personnages pour les faire \u00e9voluer sous Ren\u00e9 Coty puis De Gaulle, tant la France d\u2019aujourd&rsquo;hui est le produit de ces ann\u00e9es-l\u00e0. Mais ce n&rsquo;est pas le projet de Fr\u00e9d\u00e9ric Krivine, Philippe Triboit et Emmanuel Dauc\u00e9, qui comptent bien arr\u00eater au bout de ces six derniers \u00e9pisodes. <\/p>\n<p>Il est temps, peut-\u00eatre, de s\u2019arr\u00eater, car <a href=\"http:\/\/www.cinefast.com\/?p=3473\">les d\u00e9fauts de la premi\u00e8re moiti\u00e9 de la saison six<\/a> sont encore tr\u00e8s pr\u00e9sents dans ces deux premiers \u00e9pisodes. <a href=\"http:\/\/www.cinefast.com\/?p=1834\">A force d\u2019avoir reproch\u00e9 aux auteurs leur manque de technique dramaturgique<\/a>, ils se sont achet\u00e9 un manuel de sc\u00e9nario*, et font depuis \u00e0 peu pr\u00e8s n\u2019importe quoi.<\/p>\n<p>On les a encore pris le doigt dans le pot de dramaturgie hier, o\u00f9 les rebondissements s\u2019encha\u00eenaient sans queue ni t\u00eate, par exemple, autour du sort des miliciens coinc\u00e9s dans Villeneuve. Avec toutes les astuces possibles (la bombe qui peut se d\u00e9clencher, les conflits sur la conduite \u00e0 tenir, l\u2019arriv\u00e9e myst\u00e8re d\u2019un personnage disparu depuis des mois, le cliffhanger final, etc.) mais tout \u00e7a \u00e9tait si convenu, si annonc\u00e9, si mal fait, qu&rsquo;on avait du mal \u00e0 reconna\u00eetre notre s\u00e9rie f\u00e9tiche. Par ailleurs, on encha\u00eenait les tunnels de dialogue, cens\u00e9 rattraper le temps perdu : trois personnages expliquant dans un long monologue ce qu&rsquo;ils avaient fait depuis qu&rsquo;ils avaient disparu de la s\u00e9rie, faute de l&rsquo;avoir montr\u00e9 dans les saisons pr\u00e9c\u00e9dentes. <\/p>\n<p>Pourtant, le propos \u00e9tait l\u00e0 ; raconter les affres de la reconstruction, la France au bord du chaos, sans ravitaillement, sans police, sans \u00e9tat. L\u2019affrontement entre gaullistes et communistes. Tout cela reste comme d\u2019habitude passionnant, et racont\u00e9 avec subtilit\u00e9. Dommage que \u00e7a ne soit pas le cas de l\u2019intrigue.<\/p>\n<p>A Villeneuve, on le voit, tout a chang\u00e9, mais rien n\u2019a chang\u00e9. <\/p>\n<p>* <em>qu&rsquo;ils exhibent \u00e0 longueur de g\u00e9n\u00e9rique (Ateliers d\u2019\u00e9criture, coordination du sc\u00e9nario, responsable des dialogues\u2026) <\/em><\/p>\n","protected":false},"excerpt":{"rendered":"<p>Il va falloir \u00eatre r\u00e9sistant. C&rsquo;est le slogan, tr\u00e8s bien trouv\u00e9, de la fin annonc\u00e9e de notre saga Plus Belle la Vie chez les Nazis. Nous sommes en septembre 44, et c\u2019est la Lib\u00e9ration, et bient\u00f4t l\u2019Epuration. Une p\u00e9riode passionnante \u00e0 traiter, et en fait, on r\u00eaverait qu\u2019Un Village Fran\u00e7ais ne s\u2019arr\u00eate jamais, qu&rsquo;il garde [&hellip;]<\/p>\n","protected":false},"author":4,"featured_media":0,"comment_status":"open","ping_status":"open","sticky":false,"template":"","format":"standard","meta":{"footnotes":""},"categories":[6],"tags":[],"class_list":["post-3834","post","type-post","status-publish","format-standard","hentry","category-series-tv"],"_links":{"self":[{"href":"https:\/\/www.cinefast.com\/index.php?rest_route=\/wp\/v2\/posts\/3834","targetHints":{"allow":["GET"]}}],"collection":[{"href":"https:\/\/www.cinefast.com\/index.php?rest_route=\/wp\/v2\/posts"}],"about":[{"href":"https:\/\/www.cinefast.com\/index.php?rest_route=\/wp\/v2\/types\/post"}],"author":[{"embeddable":true,"href":"https:\/\/www.cinefast.com\/index.php?rest_route=\/wp\/v2\/users\/4"}],"replies":[{"embeddable":true,"href":"https:\/\/www.cinefast.com\/index.php?rest_route=%2Fwp%2Fv2%2Fcomments&post=3834"}],"version-history":[{"count":2,"href":"https:\/\/www.cinefast.com\/index.php?rest_route=\/wp\/v2\/posts\/3834\/revisions"}],"predecessor-version":[{"id":3837,"href":"https:\/\/www.cinefast.com\/index.php?rest_route=\/wp\/v2\/posts\/3834\/revisions\/3837"}],"wp:attachment":[{"href":"https:\/\/www.cinefast.com\/index.php?rest_route=%2Fwp%2Fv2%2Fmedia&parent=3834"}],"wp:term":[{"taxonomy":"category","embeddable":true,"href":"https:\/\/www.cinefast.com\/index.php?rest_route=%2Fwp%2Fv2%2Fcategories&post=3834"},{"taxonomy":"post_tag","embeddable":true,"href":"https:\/\/www.cinefast.com\/index.php?rest_route=%2Fwp%2Fv2%2Ftags&post=3834"}],"curies":[{"name":"wp","href":"https:\/\/api.w.org\/{rel}","templated":true}]}}