{"id":3814,"date":"2015-11-15T17:52:18","date_gmt":"2015-11-15T16:52:18","guid":{"rendered":"http:\/\/www.cinefast.com\/?p=3814"},"modified":"2016-01-03T00:38:10","modified_gmt":"2016-01-02T23:38:10","slug":"terreur","status":"publish","type":"post","link":"https:\/\/www.cinefast.com\/?p=3814","title":{"rendered":"Terreur"},"content":{"rendered":"<p>Il est difficile d&rsquo;\u00e9crire quelque chose en ce moment, mais pourtant, comme nous le th\u00e9orisons ici \u00e0 longueur de web, le cin\u00e9ma est partout, \u00e0 commencer dans nos t\u00eates. <\/p>\n<p>Et il fausse notre jugement. <\/p>\n<p>Chacun r\u00e9agit comme il le peut aux \u00ab\u00a0\u00e9v\u00e9nements\u00a0\u00bb, comme on disait de la Guerre d&rsquo;Alg\u00e9rie. Certains ont peur, ce n&rsquo;est pas mon cas, aucune forfanterie l\u00e0-dedans. J&rsquo;ai peur sur une \u00e9chelle, mais pas \u00e0 la terrasse d&rsquo;un caf\u00e9. Je ferais s\u00fbrement plus attention la prochaine fois au concert, en v\u00e9rifiant qui est derri\u00e8re moi, et o\u00f9 sont les portes de sortie. Mais sinon, on ne peut pas s&rsquo;arr\u00eater de vivre, ou vivre dans la peur.<\/p>\n<p>Non, mon sentiment, c&rsquo;est la tristesse, et la frustration. Une immense tristesse, et une immense frustration. Car face aux \u00e9v\u00e9nements du Bataclan, c&rsquo;est \u00e9videmment <strong>Die Hard<\/strong> qui tourne dans ma t\u00eate, et j&rsquo;en suis convaincu, dans toutes les t\u00eates. <\/p>\n<p>\u00ab\u00a0<em>Comment la France va riposter<\/em>\u00ab\u00a0, titre ainsi, aujourd&rsquo;hui, le <em>Parisien<\/em>. <\/p>\n<p>Mais elle ne peut pas riposter, la France. Dans une guerre asym\u00e9trique, c&rsquo;est toujours le faible qui gagne, symboliquement. Il nous fait du mal, et nous, on ne peut rien faire de plus que ce qu&rsquo;on fait d\u00e9j\u00e0 : bombarder les camps jihadistes, surveiller, infiltrer et punir &#8211; bien au del\u00e0 de la loi. Car on a d\u00e9pass\u00e9, quoiqu&rsquo;on en pense, les biens\u00e9ances de la justice (interpellation, instruction, proc\u00e8s) depuis longtemps. Le RAID attaque et tue, et il a raison de le faire, parce qu&rsquo;il n&rsquo;y a plus de n\u00e9gociation. <\/p>\n<p>Cette frustration, elle est naturelle, mais elle est aussi le fruit des images que nous infuse depuis des ann\u00e9es le cin\u00e9ma am\u00e9ricain. Dans <strong>Die Hard<\/strong>, le Bataclan est pris en otage par des terroristes, mais John McLane est l\u00e0. Oui, il a pris une balle, mais il se tient le ventre, saute sur un jihadiste, retourne l&rsquo;arme contre lui, etc.<\/p>\n<p>Cette frustration, que tout le monde ressent, c&rsquo;est l&rsquo;impossibilit\u00e9 de retourner cette situation \u00e0 notre avantage dans la r\u00e9alit\u00e9. Cette horrible d\u00e9faite, cette chim\u00e9rique revanche. En un mot, comment infliger une douleur infinie \u00e0 ces gens qui nous ont fait tant de mal, parce qu&rsquo;\u00e0 la fin, il n&rsquo;est pas acceptable que ce soit Jeremy Irons qui gagne. <\/p>\n<p>On voudrait tous avoir l&rsquo;arme de John McLane, sa force physique, son courage, pour aller r\u00e9gler le probl\u00e8me nous m\u00eame. Les frapper nous m\u00eame, voir leurs voitures exploser sous nos grenades, les arr\u00eater de nos propres poings, et jubiler de leur humiliation, comme \u00e0 la fin de tout bon blockbuster. <\/p>\n<p>Comme nous n&rsquo;avons rien de tout cela, nous nous tournons vers le gouvernement pour qu&rsquo;il nous apporte le r\u00e9confort de cette revanche. Et, \u00e9videmment, il nous l&rsquo;offre, avec la b\u00e9n\u00e9diction des m\u00e9dias. Il bombardera un camp, il arr\u00eatera\/tuera quelques terroristes, et notre fantasme de r\u00e9torsion sera assouvi. Mais notre fantasme seulement. <\/p>\n<p>Car le fantasme est  am\u00e9ricain, mais la r\u00e9alit\u00e9 est fran\u00e7aise. Nous ne vivons pas, malheureusement, dans <strong>Die Hard<\/strong>, mais dans <strong>Un Village Fran\u00e7ais.<br \/>\n<\/strong><\/p>\n","protected":false},"excerpt":{"rendered":"<p>Il est difficile d&rsquo;\u00e9crire quelque chose en ce moment, mais pourtant, comme nous le th\u00e9orisons ici \u00e0 longueur de web, le cin\u00e9ma est partout, \u00e0 commencer dans nos t\u00eates. Et il fausse notre jugement. Chacun r\u00e9agit comme il le peut aux \u00ab\u00a0\u00e9v\u00e9nements\u00a0\u00bb, comme on disait de la Guerre d&rsquo;Alg\u00e9rie. Certains ont peur, ce n&rsquo;est pas [&hellip;]<\/p>\n","protected":false},"author":4,"featured_media":0,"comment_status":"open","ping_status":"open","sticky":false,"template":"","format":"standard","meta":{"footnotes":""},"categories":[8],"tags":[],"class_list":["post-3814","post","type-post","status-publish","format-standard","hentry","category-le-professor-a-toujours-quelque-chose-a-dire"],"_links":{"self":[{"href":"https:\/\/www.cinefast.com\/index.php?rest_route=\/wp\/v2\/posts\/3814","targetHints":{"allow":["GET"]}}],"collection":[{"href":"https:\/\/www.cinefast.com\/index.php?rest_route=\/wp\/v2\/posts"}],"about":[{"href":"https:\/\/www.cinefast.com\/index.php?rest_route=\/wp\/v2\/types\/post"}],"author":[{"embeddable":true,"href":"https:\/\/www.cinefast.com\/index.php?rest_route=\/wp\/v2\/users\/4"}],"replies":[{"embeddable":true,"href":"https:\/\/www.cinefast.com\/index.php?rest_route=%2Fwp%2Fv2%2Fcomments&post=3814"}],"version-history":[{"count":6,"href":"https:\/\/www.cinefast.com\/index.php?rest_route=\/wp\/v2\/posts\/3814\/revisions"}],"predecessor-version":[{"id":3927,"href":"https:\/\/www.cinefast.com\/index.php?rest_route=\/wp\/v2\/posts\/3814\/revisions\/3927"}],"wp:attachment":[{"href":"https:\/\/www.cinefast.com\/index.php?rest_route=%2Fwp%2Fv2%2Fmedia&parent=3814"}],"wp:term":[{"taxonomy":"category","embeddable":true,"href":"https:\/\/www.cinefast.com\/index.php?rest_route=%2Fwp%2Fv2%2Fcategories&post=3814"},{"taxonomy":"post_tag","embeddable":true,"href":"https:\/\/www.cinefast.com\/index.php?rest_route=%2Fwp%2Fv2%2Ftags&post=3814"}],"curies":[{"name":"wp","href":"https:\/\/api.w.org\/{rel}","templated":true}]}}