{"id":3479,"date":"2015-01-20T19:44:49","date_gmt":"2015-01-20T18:44:49","guid":{"rendered":"http:\/\/www.cinefast.com\/?p=3479"},"modified":"2015-01-20T19:44:49","modified_gmt":"2015-01-20T18:44:49","slug":"la-bataille-de-rio-de-la-plata","status":"publish","type":"post","link":"https:\/\/www.cinefast.com\/?p=3479","title":{"rendered":"La Bataille de Rio de la Plata"},"content":{"rendered":"<p>Dans la collection seconde guerre mondiale du Professore Ludovico, qui compte bon nombre de perles, il manquait <strong>La Bataille de Rio de la Plata<\/strong>. Pour le b\u00e9otien, rappelons qu&rsquo;il s&rsquo;agit de la poursuite et de la destruction par la Marine britanniques du <em>Graf Spee<\/em>, un cuirass\u00e9 allemand aux premi\u00e8res heures de la guerre, le 13 d\u00e9cembre 1939. Et malgr\u00e9 son immense culture sur le sujet (<strong>Op\u00e9rations Jupons, Torpilles sous l\u2019Atlantique, Coulez le Bismarck !<\/strong>) le Professore n&rsquo;avait jamais vu <strong>La Bataille de Rio de la Plata<\/strong>. Et surtout, il n&rsquo;avait jamais vu \u00e7a.<\/p>\n<p>Car cette <strong>Bataille<\/strong> est un dr\u00f4le de film. Une sorte de tragi-com\u00e9die sur une bataille navale, qui alterne honneur militaire allemand et humour tr\u00e8s british. On assistera ainsi \u00e0 des choses tr\u00e8s \u00e9tonnantes. Deux mini interm\u00e8des musicaux (les allemands qui chantent no\u00ebl pour leurs prisonniers anglais, ou de la<em> bossa nova<\/em> \u00e0 Montevideo). Un capitaine allemand qui d\u00e9voile toute la strat\u00e9gie de la Kriegsmarine (au m\u00e9pris de tout r\u00e9alisme mais &#8211; cin\u00e9matographiquement &#8211; une excellente introduction aux enjeux dramatiques du film). Ou encore l&rsquo;alternance tr\u00e8s incongrue de naturalisme maritime (et pour cause, ce sont les vrais bateaux qu&rsquo;on voit dans le film) et de d\u00e9cors en carton tout \u00e0 fait hollywoodiens.<\/p>\n<p>Le tout dans des couleurs sucr\u00e9es, tr\u00e8s Michael Powell. Et pour cause, c&rsquo;est lui qui r\u00e9alise la film avec son comp\u00e8re Emeric Pressburger\u2026<\/p>\n<p>Une curiosit\u00e9, donc. <\/p>\n","protected":false},"excerpt":{"rendered":"<p>Dans la collection seconde guerre mondiale du Professore Ludovico, qui compte bon nombre de perles, il manquait La Bataille de Rio de la Plata. Pour le b\u00e9otien, rappelons qu&rsquo;il s&rsquo;agit de la poursuite et de la destruction par la Marine britanniques du Graf Spee, un cuirass\u00e9 allemand aux premi\u00e8res heures de la guerre, le 13 [&hellip;]<\/p>\n","protected":false},"author":4,"featured_media":0,"comment_status":"open","ping_status":"open","sticky":false,"template":"","format":"standard","meta":{"footnotes":""},"categories":[5,3],"tags":[],"class_list":["post-3479","post","type-post","status-publish","format-standard","hentry","category-a-votre-vod","category-les-films"],"_links":{"self":[{"href":"https:\/\/www.cinefast.com\/index.php?rest_route=\/wp\/v2\/posts\/3479","targetHints":{"allow":["GET"]}}],"collection":[{"href":"https:\/\/www.cinefast.com\/index.php?rest_route=\/wp\/v2\/posts"}],"about":[{"href":"https:\/\/www.cinefast.com\/index.php?rest_route=\/wp\/v2\/types\/post"}],"author":[{"embeddable":true,"href":"https:\/\/www.cinefast.com\/index.php?rest_route=\/wp\/v2\/users\/4"}],"replies":[{"embeddable":true,"href":"https:\/\/www.cinefast.com\/index.php?rest_route=%2Fwp%2Fv2%2Fcomments&post=3479"}],"version-history":[{"count":1,"href":"https:\/\/www.cinefast.com\/index.php?rest_route=\/wp\/v2\/posts\/3479\/revisions"}],"predecessor-version":[{"id":3480,"href":"https:\/\/www.cinefast.com\/index.php?rest_route=\/wp\/v2\/posts\/3479\/revisions\/3480"}],"wp:attachment":[{"href":"https:\/\/www.cinefast.com\/index.php?rest_route=%2Fwp%2Fv2%2Fmedia&parent=3479"}],"wp:term":[{"taxonomy":"category","embeddable":true,"href":"https:\/\/www.cinefast.com\/index.php?rest_route=%2Fwp%2Fv2%2Fcategories&post=3479"},{"taxonomy":"post_tag","embeddable":true,"href":"https:\/\/www.cinefast.com\/index.php?rest_route=%2Fwp%2Fv2%2Ftags&post=3479"}],"curies":[{"name":"wp","href":"https:\/\/api.w.org\/{rel}","templated":true}]}}