{"id":3473,"date":"2015-01-16T16:26:17","date_gmt":"2015-01-16T15:26:17","guid":{"rendered":"http:\/\/www.cinefast.com\/?p=3473"},"modified":"2015-11-25T11:42:20","modified_gmt":"2015-11-25T10:42:20","slug":"un-village-francais-gross-katastroph-saison-6","status":"publish","type":"post","link":"https:\/\/www.cinefast.com\/?p=3473","title":{"rendered":"Un Village Fran\u00e7ais, Gross Katastroph saison 6"},"content":{"rendered":"<p>A\u00efe a\u00efe aie ! Cette saison de nos chouchous de Villeneuve s&rsquo;av\u00e8re assez catastrophique. <a href=\"http:\/\/www.cinefast.com\/?p=3418\">En dehors des probl\u00e8mes r\u00e9currents de fabrication<\/a> (qui s&rsquo;occupe du contr\u00f4le qualit\u00e9 chez France 3 ?), <strong>La Petite Maison Chez les Nazis<\/strong> <em><a href=\"http:\/\/www.cinefast.com\/?p=31\">saute le requin<\/a><\/em> \u00e0 plusieurs reprises.<\/p>\n<p>C&rsquo;est comme si les cr\u00e9ateurs (Fr\u00e9d\u00e9ric Krivine, Philippe Triboit et Emmanuel Dauc\u00e9 ) avaient perdu leur pr\u00e9cieuse boussole des cinq pr\u00e9c\u00e9dentes saisons. Une boussole, \u00e0 la t\u00e9l\u00e9vision, \u00e7a s&rsquo;appelle une Bible. C&rsquo;est \u00e0 dire le document qui d\u00e9finit pr\u00e9cis\u00e9ment les personnages, leur caract\u00e8re, leurs d\u00e9fauts ou leurs tics. Un document qui doit s&rsquo;enrichir d&rsquo;ailleurs au fur et \u00e0 mesure de la s\u00e9rie, et de l\u2019\u00e9volution des personnages. <\/p>\n<p>C&rsquo;est ce document que semble-t-il le trio Krivine, Triboit et  Dauc\u00e9, ont \u00e9gar\u00e9. Car leurs personnages agissent en d\u00e9pit du bon sens depuis six \u00e9pisodes\u2026 Par exemple ce brave commissaire Kervern &#8211; le h\u00e9ros des ann\u00e9es 41\/42  &#8211; est devenu un pr\u00e9fet gaulliste bas du casque, m\u00e9prisant et misogyne. Ce genre de transformation est acceptable si les sc\u00e9naristes l&rsquo;expliquent. \u00c7a peut m\u00eame donner des m\u00e9tamorphoses g\u00e9niales, comme celle de Buddy Garrity dans <strong>Friday Night Lights<\/strong>. Mais ici Kervern revient d&rsquo;entre les morts, il est pr\u00e9fet et il est devenu con. Pourquoi ? on ne le saura jamais. <\/p>\n<p>D&rsquo;autres soucis viennent g\u00e2cher la f\u00eate de la lib\u00e9ration de Villeneuve : des rebondissements ahurissants qu&rsquo;on vous taira (ils ne sont pas durs \u00e0 deviner, vu la lourdeur de la mise en sc\u00e8ne). Des sc\u00e8nes abracadabrantesques, qui prouvent que le ridicule ne tue pas : ni les sc\u00e9naristes, ni les actrices. Des longueurs insupportables, qui seraient bien plus judicieusement utilis\u00e9es ailleurs, pour ramener ou faire \u00e9voluer certains personnages. Et des motivations psychologiques insondables (malgr\u00e9 un Conseiller \u00e0 la Psychologie cr\u00e9dit\u00e9 au g\u00e9n\u00e9rique) qui font faire \u00e0 peu pr\u00e8s n\u2019importe quoi aux personnages : ha\u00efr celui qui vient de le sauver, refuser de faire ce qu\u2019on vient de faire dans la sc\u00e8ne pr\u00e9c\u00e9dente, etc., etc.)<\/p>\n<p>Il reste une petite demi-saison, pr\u00e9vue au premier semestre de cette ann\u00e9e, pour rectifier le tir\u2026 <\/p>\n","protected":false},"excerpt":{"rendered":"<p>A\u00efe a\u00efe aie ! Cette saison de nos chouchous de Villeneuve s&rsquo;av\u00e8re assez catastrophique. En dehors des probl\u00e8mes r\u00e9currents de fabrication (qui s&rsquo;occupe du contr\u00f4le qualit\u00e9 chez France 3 ?), La Petite Maison Chez les Nazis saute le requin \u00e0 plusieurs reprises. C&rsquo;est comme si les cr\u00e9ateurs (Fr\u00e9d\u00e9ric Krivine, Philippe Triboit et Emmanuel Dauc\u00e9 ) [&hellip;]<\/p>\n","protected":false},"author":4,"featured_media":0,"comment_status":"open","ping_status":"open","sticky":false,"template":"","format":"standard","meta":{"footnotes":""},"categories":[6],"tags":[],"class_list":["post-3473","post","type-post","status-publish","format-standard","hentry","category-series-tv"],"_links":{"self":[{"href":"https:\/\/www.cinefast.com\/index.php?rest_route=\/wp\/v2\/posts\/3473","targetHints":{"allow":["GET"]}}],"collection":[{"href":"https:\/\/www.cinefast.com\/index.php?rest_route=\/wp\/v2\/posts"}],"about":[{"href":"https:\/\/www.cinefast.com\/index.php?rest_route=\/wp\/v2\/types\/post"}],"author":[{"embeddable":true,"href":"https:\/\/www.cinefast.com\/index.php?rest_route=\/wp\/v2\/users\/4"}],"replies":[{"embeddable":true,"href":"https:\/\/www.cinefast.com\/index.php?rest_route=%2Fwp%2Fv2%2Fcomments&post=3473"}],"version-history":[{"count":2,"href":"https:\/\/www.cinefast.com\/index.php?rest_route=\/wp\/v2\/posts\/3473\/revisions"}],"predecessor-version":[{"id":3835,"href":"https:\/\/www.cinefast.com\/index.php?rest_route=\/wp\/v2\/posts\/3473\/revisions\/3835"}],"wp:attachment":[{"href":"https:\/\/www.cinefast.com\/index.php?rest_route=%2Fwp%2Fv2%2Fmedia&parent=3473"}],"wp:term":[{"taxonomy":"category","embeddable":true,"href":"https:\/\/www.cinefast.com\/index.php?rest_route=%2Fwp%2Fv2%2Fcategories&post=3473"},{"taxonomy":"post_tag","embeddable":true,"href":"https:\/\/www.cinefast.com\/index.php?rest_route=%2Fwp%2Fv2%2Ftags&post=3473"}],"curies":[{"name":"wp","href":"https:\/\/api.w.org\/{rel}","templated":true}]}}