{"id":331,"date":"2008-12-20T12:50:44","date_gmt":"2008-12-20T10:50:44","guid":{"rendered":"http:\/\/www.cinefast.com\/?p=331"},"modified":"2008-12-20T12:50:44","modified_gmt":"2008-12-20T10:50:44","slug":"la-bande-a-baader","status":"publish","type":"post","link":"https:\/\/www.cinefast.com\/?p=331","title":{"rendered":"La Bande \u00e0 Baader"},"content":{"rendered":"<p>Un petit malin que ce Bernd Eichinger. Non content de r\u00e9ussir dans le business (de <strong>Moi, Christiane F. <\/strong>\u00e0 <strong>Resident Evil <\/strong>et <strong>Les 4 Fantastiques<\/strong>), il a d\u00e9cid\u00e9 de s&rsquo;attaquer aux grands mythes allemands, et pr\u00e9tend apporter enfin un \u00e9clairage nouveau, d\u00e9passionn\u00e9, sur ces sujets tabous. Apr\u00e8s l\u2019ambitieux <strong>La Chute <\/strong>(les nazis sont au d\u00e9part des gens comme les autres), qui ratait sa cible par exc\u00e8s de na\u00efvet\u00e9 et d&rsquo;amoralit\u00e9, m\u00eame constat d&rsquo;\u00e9chec pour <strong>La Bande \u00e0 Baader<\/strong>.<\/p>\n<p>\u00c9chec paisible pourrait-on dire, car les deux poss\u00e8dent les m\u00eames qualit\u00e9s et les m\u00eames d\u00e9fauts. Ils sont plaisants \u00e0 voir, mais on ressort avec un sentiment de vide philosophique \u00e0 la fin. Ici, c&rsquo;est toujours le probl\u00e8me du <em>biopic <\/em>: o\u00f9 est le point de vue ? On commence par Ulrike Meinhof, l&rsquo;intello du groupe, qui peine \u00e0 s&rsquo;int\u00e9grer. Il y avait quelque chose \u00e0 faire, l\u00e0. Ou ailleurs, avec les jeunes qui reprennent le flambeau apr\u00e8s l&rsquo;arrestation des leaders, et qui semblent combattre pour des raisons tr\u00e8s floues. <\/p>\n<p>Mais non, le film s&rsquo;enlise dans les reconstitutions des \u00ab Grandes Heures de la RAF \u00bb : l&rsquo;attentat contre Bild, l&rsquo;enl\u00e8vement de Hans-Martin Schleyer, la prise d&rsquo;otages \u00e0 Stockholm. M\u00eame si c&rsquo;est tr\u00e8s bien jou\u00e9, m\u00eame si c\u2019est p\u00e9dagogique et int\u00e9ressant, m\u00eame s&rsquo;il faut le voir pour son \u00e9ducation personnelle, c&rsquo;est au final un peu vide.<\/p>\n<p><em>N.B. Option renforc\u00e9e peut-\u00eatre par les conditions de projections : dans un MK2 Parnasse au trois-quart vide, il a fallu supporter un d\u00e9testable trio de quinquag\u00e9naires : assis devant nous, ils nous ont sugg\u00e9r\u00e9 de nous pousser s&rsquo;ils d\u00e9rangeaient (sic), et ont parl\u00e9 pendant tout le film. Ils n&rsquo;ont pas de t\u00e9l\u00e9 ? (Mon irr\u00e9solution \u00e0 leur dire en face faisant \u00e9videmment partie de la frustration)<\/em><\/p>\n","protected":false},"excerpt":{"rendered":"<p>Un petit malin que ce Bernd Eichinger. Non content de r\u00e9ussir dans le business (de Moi, Christiane F. \u00e0 Resident Evil et Les 4 Fantastiques), il a d\u00e9cid\u00e9 de s&rsquo;attaquer aux grands mythes allemands, et pr\u00e9tend apporter enfin un \u00e9clairage nouveau, d\u00e9passionn\u00e9, sur ces sujets tabous. Apr\u00e8s l\u2019ambitieux La Chute (les nazis sont au d\u00e9part [&hellip;]<\/p>\n","protected":false},"author":4,"featured_media":0,"comment_status":"open","ping_status":"open","sticky":false,"template":"","format":"standard","meta":{"footnotes":""},"categories":[4,3],"tags":[],"class_list":["post-331","post","type-post","status-publish","format-standard","hentry","category-breves-de-bobines","category-les-films"],"_links":{"self":[{"href":"https:\/\/www.cinefast.com\/index.php?rest_route=\/wp\/v2\/posts\/331","targetHints":{"allow":["GET"]}}],"collection":[{"href":"https:\/\/www.cinefast.com\/index.php?rest_route=\/wp\/v2\/posts"}],"about":[{"href":"https:\/\/www.cinefast.com\/index.php?rest_route=\/wp\/v2\/types\/post"}],"author":[{"embeddable":true,"href":"https:\/\/www.cinefast.com\/index.php?rest_route=\/wp\/v2\/users\/4"}],"replies":[{"embeddable":true,"href":"https:\/\/www.cinefast.com\/index.php?rest_route=%2Fwp%2Fv2%2Fcomments&post=331"}],"version-history":[{"count":0,"href":"https:\/\/www.cinefast.com\/index.php?rest_route=\/wp\/v2\/posts\/331\/revisions"}],"wp:attachment":[{"href":"https:\/\/www.cinefast.com\/index.php?rest_route=%2Fwp%2Fv2%2Fmedia&parent=331"}],"wp:term":[{"taxonomy":"category","embeddable":true,"href":"https:\/\/www.cinefast.com\/index.php?rest_route=%2Fwp%2Fv2%2Fcategories&post=331"},{"taxonomy":"post_tag","embeddable":true,"href":"https:\/\/www.cinefast.com\/index.php?rest_route=%2Fwp%2Fv2%2Ftags&post=331"}],"curies":[{"name":"wp","href":"https:\/\/api.w.org\/{rel}","templated":true}]}}