{"id":29,"date":"2005-07-24T22:40:25","date_gmt":"2005-07-24T20:40:25","guid":{"rendered":"http:\/\/www.cinefast.com\/?p=29"},"modified":"2005-07-24T22:41:04","modified_gmt":"2005-07-24T20:41:04","slug":"la-moustache","status":"publish","type":"post","link":"https:\/\/www.cinefast.com\/?p=29","title":{"rendered":"La moustache"},"content":{"rendered":"<p>N\u2019est pas David Lynch ou Stanley Kubrick qui veut. Emmanuel Carr\u00e8re en fait la preuve avec l\u2019adaptation de son roman au grand \u00e9cran ; passionn\u00e9 par les histoires schizophr\u00e8ne (<em>L\u2019adversaire<\/em>, sur l\u2019affaire Roman, ou <em>Je Suis Vivant Et Vous Etes Tous Morts<\/em>, la formidable biographie de Philippe K. Dick) cela n\u2019en fait pas forc\u00e9ment un grand cin\u00e9aste.<\/p>\n<p>Un homme s\u2019est ras\u00e9 sa moustache (Vincent Lindon). Sa compagne, Emmanuelle Devos, ne semble pas s\u2019en apercevoir. Et laisse m\u00eame entendre qu\u2019il n\u2019a jamais eu de moustache \u2026 qui dit vrai ? Errant entre fantasme et r\u00e9alit\u00e9, ce genre d\u2019histoire ouvre bien des ab\u00eemes, d\u2019<em>Eyes wide Shut<\/em> \u00e0 <em>Mulholland Drive<\/em>. <\/p>\n<p>Mais l\u00e0, point de Tom Cruise, et pas de Naomi Watts. Il y a l\u00e0 erreur de casting : Emmanuelle Devos, qui peut \u00eatre excellente chez Desplechins (sauf le dernier, Rois Et Reines), est ici \u00e0 contre emploi. Idem pour Lindon. Il faut des com\u00e9diens d\u2019une autre trempe, au bord de la folie, des Nicholson, des Cruise, il faut un roc de pierre ; on a droit qu\u2019\u00e0 des gens comme vous et moi, et ca ne peut pas passer\u2026<\/p>\n<p>La mise en sc\u00e8ne, de m\u00eame, est faible , et trop proche d\u2019une dramatique de France 2 pour soutenir le rythme.<\/p>\n<p>Au rayon des bonnes nouvelles, on notera enfin une fin ambitieuse, et une excellente musique, et pour cause, c\u2019est le concerto pour violon de Philip Glass\u2026<\/p>\n<p>Bref, \u00e0 voir, s\u2019il n\u2019y rien d\u2019autre.<\/p>\n","protected":false},"excerpt":{"rendered":"<p>N\u2019est pas David Lynch ou Stanley Kubrick qui veut. Emmanuel Carr\u00e8re en fait la preuve avec l\u2019adaptation de son roman au grand \u00e9cran ; passionn\u00e9 par les histoires schizophr\u00e8ne (L\u2019adversaire, sur l\u2019affaire Roman, ou Je Suis Vivant Et Vous Etes Tous Morts, la formidable biographie de Philippe K. Dick) cela n\u2019en fait pas forc\u00e9ment un [&hellip;]<\/p>\n","protected":false},"author":4,"featured_media":0,"comment_status":"open","ping_status":"open","sticky":false,"template":"","format":"standard","meta":{"footnotes":""},"categories":[4,3],"tags":[],"class_list":["post-29","post","type-post","status-publish","format-standard","hentry","category-breves-de-bobines","category-les-films"],"_links":{"self":[{"href":"https:\/\/www.cinefast.com\/index.php?rest_route=\/wp\/v2\/posts\/29","targetHints":{"allow":["GET"]}}],"collection":[{"href":"https:\/\/www.cinefast.com\/index.php?rest_route=\/wp\/v2\/posts"}],"about":[{"href":"https:\/\/www.cinefast.com\/index.php?rest_route=\/wp\/v2\/types\/post"}],"author":[{"embeddable":true,"href":"https:\/\/www.cinefast.com\/index.php?rest_route=\/wp\/v2\/users\/4"}],"replies":[{"embeddable":true,"href":"https:\/\/www.cinefast.com\/index.php?rest_route=%2Fwp%2Fv2%2Fcomments&post=29"}],"version-history":[{"count":0,"href":"https:\/\/www.cinefast.com\/index.php?rest_route=\/wp\/v2\/posts\/29\/revisions"}],"wp:attachment":[{"href":"https:\/\/www.cinefast.com\/index.php?rest_route=%2Fwp%2Fv2%2Fmedia&parent=29"}],"wp:term":[{"taxonomy":"category","embeddable":true,"href":"https:\/\/www.cinefast.com\/index.php?rest_route=%2Fwp%2Fv2%2Fcategories&post=29"},{"taxonomy":"post_tag","embeddable":true,"href":"https:\/\/www.cinefast.com\/index.php?rest_route=%2Fwp%2Fv2%2Ftags&post=29"}],"curies":[{"name":"wp","href":"https:\/\/api.w.org\/{rel}","templated":true}]}}