{"id":2834,"date":"2013-11-11T14:57:50","date_gmt":"2013-11-11T13:57:50","guid":{"rendered":"http:\/\/www.cinefast.com\/?p=2834"},"modified":"2013-11-11T18:34:44","modified_gmt":"2013-11-11T17:34:44","slug":"un-village-francais-retourne-en-1940","status":"publish","type":"post","link":"https:\/\/www.cinefast.com\/?p=2834","title":{"rendered":"Un Village Fran\u00e7ais retourne en 1940"},"content":{"rendered":"<p>Plus d&rsquo;excuses !<\/p>\n<p><strong>Un Village Fran\u00e7ais<\/strong>, \u00e7a repart, saison 1, ce soir sur France 5 !!! Retrouvez nos h\u00e9ros de <strong>Plus Belle la Vie chez les Nazis<\/strong> : M. Larcher, le maire sympa qui veut aider le Mar\u00e9chal \u00e0 redresser la France, son fr\u00e8re Marcel qui milite au PC et ne sait plus trop de quel c\u00f4t\u00e9 du Pacte Germano-Sovi\u00e9tique il habite, les enfants, perdus au milieu de tout \u00e7a, la sulfureuse Mme Larcher, la coincouille institutrice et son directeur franc-ma\u00e7on, le flic un peu facho et son patron qui aime la directrice juive\u2026 bref retrouvez les d\u00e9lices de 1940, le go\u00fbt du topinambour et le charbon hors de prix au march\u00e9 noir, le vert de gris et les brassards FFI !<\/p>\n<p><em><strong>Un Village Fran\u00e7ais<br \/>\n<\/strong>Tous les mardis sur France 5, 20h35<\/em><\/p>\n","protected":false},"excerpt":{"rendered":"<p>Plus d&rsquo;excuses ! Un Village Fran\u00e7ais, \u00e7a repart, saison 1, ce soir sur France 5 !!! Retrouvez nos h\u00e9ros de Plus Belle la Vie chez les Nazis : M. Larcher, le maire sympa qui veut aider le Mar\u00e9chal \u00e0 redresser la France, son fr\u00e8re Marcel qui milite au PC et ne sait plus trop de [&hellip;]<\/p>\n","protected":false},"author":4,"featured_media":0,"comment_status":"open","ping_status":"open","sticky":false,"template":"","format":"standard","meta":{"footnotes":""},"categories":[6],"tags":[],"class_list":["post-2834","post","type-post","status-publish","format-standard","hentry","category-series-tv"],"_links":{"self":[{"href":"https:\/\/www.cinefast.com\/index.php?rest_route=\/wp\/v2\/posts\/2834","targetHints":{"allow":["GET"]}}],"collection":[{"href":"https:\/\/www.cinefast.com\/index.php?rest_route=\/wp\/v2\/posts"}],"about":[{"href":"https:\/\/www.cinefast.com\/index.php?rest_route=\/wp\/v2\/types\/post"}],"author":[{"embeddable":true,"href":"https:\/\/www.cinefast.com\/index.php?rest_route=\/wp\/v2\/users\/4"}],"replies":[{"embeddable":true,"href":"https:\/\/www.cinefast.com\/index.php?rest_route=%2Fwp%2Fv2%2Fcomments&post=2834"}],"version-history":[{"count":2,"href":"https:\/\/www.cinefast.com\/index.php?rest_route=\/wp\/v2\/posts\/2834\/revisions"}],"predecessor-version":[{"id":2836,"href":"https:\/\/www.cinefast.com\/index.php?rest_route=\/wp\/v2\/posts\/2834\/revisions\/2836"}],"wp:attachment":[{"href":"https:\/\/www.cinefast.com\/index.php?rest_route=%2Fwp%2Fv2%2Fmedia&parent=2834"}],"wp:term":[{"taxonomy":"category","embeddable":true,"href":"https:\/\/www.cinefast.com\/index.php?rest_route=%2Fwp%2Fv2%2Fcategories&post=2834"},{"taxonomy":"post_tag","embeddable":true,"href":"https:\/\/www.cinefast.com\/index.php?rest_route=%2Fwp%2Fv2%2Ftags&post=2834"}],"curies":[{"name":"wp","href":"https:\/\/api.w.org\/{rel}","templated":true}]}}