{"id":281,"date":"2008-08-03T20:39:12","date_gmt":"2008-08-03T18:39:12","guid":{"rendered":"http:\/\/www.cinefast.com\/?p=281"},"modified":"2008-08-03T20:39:42","modified_gmt":"2008-08-03T18:39:42","slug":"valse-avec-bachir","status":"publish","type":"post","link":"https:\/\/www.cinefast.com\/?p=281","title":{"rendered":"Valse avec Bachir"},"content":{"rendered":"<p>Ari Folman a bien retenu les le\u00e7ons de Coppola : la guerre doit \u00eatre belle, la guerre doit \u00eatre dr\u00f4le, sinon, comme disait le barbu, \u00ab <em>On ne trouverait pas autant de monde pour la faire <\/em>\u00bb. <\/p>\n<p>Ici, c\u2019est un documentaire en dessin anim\u00e9. En utilisant cette technique, Ari Folman a peut \u00eatre enfin trouv\u00e9 la seule fa\u00e7on de la parler de sa guerre : la Guerre du Liban. Car Ari a un probl\u00e8me : impossible de se rappeler quoique ce soit de son s\u00e9jour sous les drapeaux, il y a 25 ans de cela. Sur le conseil d\u2019un ami psy, il d\u00e9cide de mener l\u2019enqu\u00eate aupr\u00e8s de ses copains d\u2019arm\u00e9e. Car les autres se rappellent, et m\u00eame trop bien, le massacre de Sabra et Chatila, ghetto palestinien \u00ab nettoy\u00e9 \u00bb par les phalangistes chr\u00e9tiens, le 16 et 17 septembre 1982, sous la b\u00e9n\u00e9diction passive de Tsahal. <\/p>\n<p>Petit \u00e0 petit, les souvenirs remontent, et le spectateur apprend, lui aussi, en m\u00eame temps que le narrateur\u2026 <\/p>\n<p>Certes <strong>Valse avec Bachir <\/strong>n\u2019est pas tr\u00e8s bien fait, le choix du dessin anim\u00e9 est contestable (pas assez cin\u00e9matographique pour une fiction, ou trop r\u00e9ducteur pour un documentaire (par empathie, on pr\u00e9f\u00e9rerait voir les vrais t\u00e9moignages)), mais reste un choc. Il nous rappelle qu\u2019\u00e0 l\u2019\u00e2ge o\u00f9 nous dansions sur Enola Gay, d\u2019autres types du m\u00eame \u00e2ge, Uzi ou Kalach en main, se battaient dans les rues de Beyrouth. Graphiquement tr\u00e8s r\u00e9ussi, musicalement fort bien illustr\u00e9, <strong>Valse avec Bachir <\/strong>doit \u00eatre vu\u2026 <\/p>\n","protected":false},"excerpt":{"rendered":"<p>Ari Folman a bien retenu les le\u00e7ons de Coppola : la guerre doit \u00eatre belle, la guerre doit \u00eatre dr\u00f4le, sinon, comme disait le barbu, \u00ab On ne trouverait pas autant de monde pour la faire \u00bb. Ici, c\u2019est un documentaire en dessin anim\u00e9. En utilisant cette technique, Ari Folman a peut \u00eatre enfin trouv\u00e9 [&hellip;]<\/p>\n","protected":false},"author":4,"featured_media":0,"comment_status":"open","ping_status":"open","sticky":false,"template":"","format":"standard","meta":{"footnotes":""},"categories":[3],"tags":[],"class_list":["post-281","post","type-post","status-publish","format-standard","hentry","category-les-films"],"_links":{"self":[{"href":"https:\/\/www.cinefast.com\/index.php?rest_route=\/wp\/v2\/posts\/281","targetHints":{"allow":["GET"]}}],"collection":[{"href":"https:\/\/www.cinefast.com\/index.php?rest_route=\/wp\/v2\/posts"}],"about":[{"href":"https:\/\/www.cinefast.com\/index.php?rest_route=\/wp\/v2\/types\/post"}],"author":[{"embeddable":true,"href":"https:\/\/www.cinefast.com\/index.php?rest_route=\/wp\/v2\/users\/4"}],"replies":[{"embeddable":true,"href":"https:\/\/www.cinefast.com\/index.php?rest_route=%2Fwp%2Fv2%2Fcomments&post=281"}],"version-history":[{"count":0,"href":"https:\/\/www.cinefast.com\/index.php?rest_route=\/wp\/v2\/posts\/281\/revisions"}],"wp:attachment":[{"href":"https:\/\/www.cinefast.com\/index.php?rest_route=%2Fwp%2Fv2%2Fmedia&parent=281"}],"wp:term":[{"taxonomy":"category","embeddable":true,"href":"https:\/\/www.cinefast.com\/index.php?rest_route=%2Fwp%2Fv2%2Fcategories&post=281"},{"taxonomy":"post_tag","embeddable":true,"href":"https:\/\/www.cinefast.com\/index.php?rest_route=%2Fwp%2Fv2%2Ftags&post=281"}],"curies":[{"name":"wp","href":"https:\/\/api.w.org\/{rel}","templated":true}]}}