{"id":2758,"date":"2013-09-29T23:07:45","date_gmt":"2013-09-29T21:07:45","guid":{"rendered":"http:\/\/www.cinefast.com\/?p=2758"},"modified":"2023-12-04T17:10:48","modified_gmt":"2023-12-04T16:10:48","slug":"un-village-francais-saison-5","status":"publish","type":"post","link":"https:\/\/www.cinefast.com\/?p=2758","title":{"rendered":"Un Village Fran\u00e7ais, saison 5"},"content":{"rendered":"<p>C&rsquo;est reparti pour notre <strong>Plus Belle la Vie<\/strong> Chez les Nazis, d\u00e8s mardi soir sur France 3.<\/p>\n<p>Cons\u00e9cration : <a href=\"http:\/\/www.youtube.com\/watch?v=4yqzrQjItEs\">la s\u00e9rie a droit \u00e0 sa pub dans les cin\u00e9mas, sous forme d&rsquo;un teaser<\/a> qui commence bien et finit mal. D&rsquo;abord l&rsquo;image &#8211; gla\u00e7ante &#8211; d&rsquo;un d\u00eener \u00ab familial \u00bb qui r\u00e9unit Madame Larcher, son amant SS, et son neveu, le fils d&rsquo;un militant communiste. Ensuite la toute aussi gla\u00e7ante explication de l&rsquo;arrestation du p\u00e8re de l&rsquo;enfant par celui l\u2019a arr\u00eat\u00e9 le SS (fabuleux Richard Sammel) : \u00ab <em>c&rsquo;est la guerre, Gustave. Il n\u2019y a pas de bien ou de mal. Il y a des gens qui se battent\u2026<\/em> \u00bb<\/p>\n<p>Mais bon, \u00e7a finit sur un cliffhanger en carton fa\u00e7on Lost (\u00ab <em>la semaine prochaine, dans Un Village Fran\u00e7ais\u2026 <\/em>\u00bb) et in petto fa\u00e7on <strong>House of Cards<\/strong> (regard cam\u00e9ra lourdingue)&#8230;<\/p>\n<p>La France se met enfin \u00e0 adopter les m\u00e9thodes US (ateliers d&rsquo;\u00e9criture, arc, cliffhanger) mais, <a href=\"http:\/\/www.cinefast.com\/?p=1890\">comme on l&rsquo;avait d\u00e9j\u00e0 signal\u00e9<\/a>, \u00e7a patauge encore un peu dans la semoule&#8230;<\/p>\n<p>C&rsquo;est pas grave : notre <strong>Village Fran\u00e7ais<\/strong>, on l&rsquo;aime comme \u00e7a.<\/p>\n<p>A mardi.<\/p>\n","protected":false},"excerpt":{"rendered":"<p>C&rsquo;est reparti pour notre Plus Belle la Vie Chez les Nazis, d\u00e8s mardi soir sur France 3. Cons\u00e9cration : la s\u00e9rie a droit \u00e0 sa pub dans les cin\u00e9mas, sous forme d&rsquo;un teaser qui commence bien et finit mal. D&rsquo;abord l&rsquo;image &#8211; gla\u00e7ante &#8211; d&rsquo;un d\u00eener \u00ab familial \u00bb qui r\u00e9unit Madame Larcher, son amant [&hellip;]<\/p>\n","protected":false},"author":4,"featured_media":0,"comment_status":"open","ping_status":"open","sticky":false,"template":"","format":"standard","meta":{"footnotes":""},"categories":[6],"tags":[],"class_list":["post-2758","post","type-post","status-publish","format-standard","hentry","category-series-tv"],"_links":{"self":[{"href":"https:\/\/www.cinefast.com\/index.php?rest_route=\/wp\/v2\/posts\/2758","targetHints":{"allow":["GET"]}}],"collection":[{"href":"https:\/\/www.cinefast.com\/index.php?rest_route=\/wp\/v2\/posts"}],"about":[{"href":"https:\/\/www.cinefast.com\/index.php?rest_route=\/wp\/v2\/types\/post"}],"author":[{"embeddable":true,"href":"https:\/\/www.cinefast.com\/index.php?rest_route=\/wp\/v2\/users\/4"}],"replies":[{"embeddable":true,"href":"https:\/\/www.cinefast.com\/index.php?rest_route=%2Fwp%2Fv2%2Fcomments&post=2758"}],"version-history":[{"count":2,"href":"https:\/\/www.cinefast.com\/index.php?rest_route=\/wp\/v2\/posts\/2758\/revisions"}],"predecessor-version":[{"id":6494,"href":"https:\/\/www.cinefast.com\/index.php?rest_route=\/wp\/v2\/posts\/2758\/revisions\/6494"}],"wp:attachment":[{"href":"https:\/\/www.cinefast.com\/index.php?rest_route=%2Fwp%2Fv2%2Fmedia&parent=2758"}],"wp:term":[{"taxonomy":"category","embeddable":true,"href":"https:\/\/www.cinefast.com\/index.php?rest_route=%2Fwp%2Fv2%2Fcategories&post=2758"},{"taxonomy":"post_tag","embeddable":true,"href":"https:\/\/www.cinefast.com\/index.php?rest_route=%2Fwp%2Fv2%2Ftags&post=2758"}],"curies":[{"name":"wp","href":"https:\/\/api.w.org\/{rel}","templated":true}]}}