{"id":2536,"date":"2013-05-24T21:54:25","date_gmt":"2013-05-24T19:54:25","guid":{"rendered":"http:\/\/www.cinefast.com\/?p=2536"},"modified":"2013-05-24T21:54:25","modified_gmt":"2013-05-24T19:54:25","slug":"tout-star-trek-sur-arte","status":"publish","type":"post","link":"https:\/\/www.cinefast.com\/?p=2536","title":{"rendered":"Tout Star Trek sur Arte !"},"content":{"rendered":"<p>Non, ce n&rsquo;est pas un gag, ni m\u00eame un poisson d\u2019avril tardif pour Vulcains : Arte, vous avez bien lu, la cha\u00eene franco-allemande de la culture va diffuser sept films de la s\u00e9rie <strong>Star Trek<\/strong> avant la sortie du deuxi\u00e8me opus, <em>JJ Abrams style<\/em>,  <strong>Into Darkness<\/strong>, le 12 juin prochain. <\/p>\n<p>Comment ne pas y voir, \u00e0 la suite de <a href=\"http:\/\/www.cinefast.com\/?p=2528\">notre r\u00e9cente chronique sur Spielberg<\/a>, la victoire de la <em>geek nation <\/em>?<br \/>\nQue n\u2019avons nous pas entendu, en 1982, quand nous louions les qualit\u00e9s sc\u00e9naristiques de la s\u00e9rie <strong>Star Trek<\/strong>, qui balbutiait enfin, avec quinze ans de retard, ses premiers pas sur TF1 !<\/p>\n<p>\u00ab <em>S\u00e9rie en pyjama<\/em> \u00bb \u00ab <em>ridicule \u00e0 l\u2019\u00e9poque de Star Wars<\/em> \u00bb, j\u2019en passe et des meilleures. C&rsquo;\u00e9tait oublier, ou simplement ne pas voir, que les sc\u00e9narios \u00e9taient d\u2019excellente facture, souvent \u00e9crit par des grands noms de la SF ou du polar, comme Robert Bloch. Et traitaient de grands sujets, bien plus ambitieux que les th\u00e9matiques wagn\u00e9riennes de la Guerre des Etoiles. <\/p>\n<p>Passer aujourd&rsquo;hui sur Arte, c&rsquo;est plus qu\u2019un gag, c&rsquo;est une reconnaissance. <\/p>\n<p>Et une victoire. Totale.<\/p>\n<p>Dimanche 26, 20:45, <strong>Star Trek<\/strong><br \/>\nLundi 27, 20:50, <strong>Star Trek II La Col\u00e8re de Khan<\/strong> et 22:40, <strong>Star Trek III la recherche de Spock<\/strong><br \/>\nDimanche 2 juin, 20:45, <strong>Star Trek IV Retour sur Terre<\/strong> et 22:35, <strong>Star Trek V L&rsquo;Ultime Fronti\u00e8re<\/strong><br \/>\nLundi 3, 20:45, <strong>Star Trek VI Terre inconnue<\/strong> et 22 :35, <strong>Star Trek: First Contact<\/strong> (en zappant bizarrement <strong>Star Trek : G\u00e9n\u00e9rations<\/strong>)<\/p>\n","protected":false},"excerpt":{"rendered":"<p>Non, ce n&rsquo;est pas un gag, ni m\u00eame un poisson d\u2019avril tardif pour Vulcains : Arte, vous avez bien lu, la cha\u00eene franco-allemande de la culture va diffuser sept films de la s\u00e9rie Star Trek avant la sortie du deuxi\u00e8me opus, JJ Abrams style, Into Darkness, le 12 juin prochain. Comment ne pas y voir, [&hellip;]<\/p>\n","protected":false},"author":4,"featured_media":0,"comment_status":"open","ping_status":"open","sticky":false,"template":"","format":"standard","meta":{"footnotes":""},"categories":[6],"tags":[],"class_list":["post-2536","post","type-post","status-publish","format-standard","hentry","category-series-tv"],"_links":{"self":[{"href":"https:\/\/www.cinefast.com\/index.php?rest_route=\/wp\/v2\/posts\/2536","targetHints":{"allow":["GET"]}}],"collection":[{"href":"https:\/\/www.cinefast.com\/index.php?rest_route=\/wp\/v2\/posts"}],"about":[{"href":"https:\/\/www.cinefast.com\/index.php?rest_route=\/wp\/v2\/types\/post"}],"author":[{"embeddable":true,"href":"https:\/\/www.cinefast.com\/index.php?rest_route=\/wp\/v2\/users\/4"}],"replies":[{"embeddable":true,"href":"https:\/\/www.cinefast.com\/index.php?rest_route=%2Fwp%2Fv2%2Fcomments&post=2536"}],"version-history":[{"count":1,"href":"https:\/\/www.cinefast.com\/index.php?rest_route=\/wp\/v2\/posts\/2536\/revisions"}],"predecessor-version":[{"id":2537,"href":"https:\/\/www.cinefast.com\/index.php?rest_route=\/wp\/v2\/posts\/2536\/revisions\/2537"}],"wp:attachment":[{"href":"https:\/\/www.cinefast.com\/index.php?rest_route=%2Fwp%2Fv2%2Fmedia&parent=2536"}],"wp:term":[{"taxonomy":"category","embeddable":true,"href":"https:\/\/www.cinefast.com\/index.php?rest_route=%2Fwp%2Fv2%2Fcategories&post=2536"},{"taxonomy":"post_tag","embeddable":true,"href":"https:\/\/www.cinefast.com\/index.php?rest_route=%2Fwp%2Fv2%2Ftags&post=2536"}],"curies":[{"name":"wp","href":"https:\/\/api.w.org\/{rel}","templated":true}]}}