{"id":252,"date":"2008-06-28T12:51:18","date_gmt":"2008-06-28T10:51:18","guid":{"rendered":"http:\/\/www.cinefast.com\/?p=252"},"modified":"2008-06-28T12:51:18","modified_gmt":"2008-06-28T10:51:18","slug":"noir-et-blanc-ou-couleur","status":"publish","type":"post","link":"https:\/\/www.cinefast.com\/?p=252","title":{"rendered":"Noir et blanc ou couleur ?"},"content":{"rendered":"<p>Hollywood le sait bien : on filme le pr\u00e9sent en couleurs, et le pass\u00e9 en noir et blanc. C\u2019est pourquoi il fallait absolument aller voir l\u2019exposition \u00ab <em><strong>Des Parisiens sous l\u2019Occupation <\/strong><\/em>\u00bb ou jeter un \u0153il sur le livre tir\u00e9 de l\u2019exposition. Passons sur le \u00ab scandale \u00bb la querelle byzantine dont le PS a d\u00e9finitivement le secret de fabrication, et particuli\u00e8rement la Mairie de Paris : oui, Andr\u00e9 Zucca \u00e9tait salari\u00e9 \u00e0 <em>Signal<\/em>, revue de propagande nazie, (c&rsquo;est pour \u00e7a qu\u2019il avait acc\u00e8s \u00e0 la fameuse pellicule Agfacolor). Non, voir cette expo ne fait pas de nous des collabos. Car l\u2019expo, comme le livre, dessillent l\u2019\u0153il. <\/p>\n<p>Pour notre g\u00e9n\u00e9ration, si la seconde guerre mondiale s\u2019\u00e9crit en couleurs dans notre imaginaire hollywoodien (<strong>Les Canons de Navarronne, Il Faut Sauver le Soldat Ryan<\/strong>), notre m\u00e9moire \u00ab r\u00e9elle \u00bb, officielle, est en noir et blanc. Un noir et blanc qui cr\u00e9e une distance artificielle ; cette histoire n&rsquo;est pas la n\u00f4tre, c&rsquo;est au mieux l\u2019histoire de nos grands parents. En tout cas, c&rsquo;est le pass\u00e9. <\/p>\n<p>Les photos d&rsquo;Andr\u00e9 Zucca viennent balayer tout \u00e7a. Le passage \u00e0 la couleur est un formidable travelling sur un d\u00e9cor de r\u00eave : Paris, 1940. Et la couleur cr\u00e9\u00e9 soudain ce miracle d\u2019identification : le Paris de 1940 est (presque) le m\u00eame Paris de 2008 ! M\u00eames rues, m\u00eames lampadaires, m\u00eame M\u00e9tro. Et surtout : m\u00eames parisiens ! Des enfants qui jouent, des jeunes qui draguent, et m\u00eames des soldats allemands soudainement moins terrifiants qu\u2019en noir et blanc.  <\/p>\n<p>Un lien se fait avec le pr\u00e9sent : ces v\u00e9los-taxis qui envahissent Paris \u00e0 cause du rationnement font \u00e9cho au V\u00e9lib\u2019 et au rationnement  -invisible, r\u00e9duit, mais r\u00e9el- de l\u2019essence aujourd\u2019hui\u2026 <\/p>\n<p>Et ce gar\u00e7on qui sourit en mettant son bateau \u00e0 l\u2019eau aux Tuileries, c\u2019est votre grand p\u00e8re, et c&rsquo;est aussi vous \u00e0 11 ans. Cette jeune femme \u00e9l\u00e9gante qui se fait draguer \u00e0 Saint Michel, c&rsquo;est votre grand-m\u00e8re. Ce b\u00e9b\u00e9 dans le landau aux halles, c\u2019est maman.<\/p>\n<p>Zucca exprime effectivement l\u2019insoutenable : entre 1940 et 1944, les parisiens ont continu\u00e9 de vivre presque normalement ! malgr\u00e9 les pers\u00e9cutions antijuives, malgr\u00e9 la guerre, malgr\u00e9 les privations, ils sont all\u00e9 au cin\u00e9ma, au th\u00e9\u00e2tre, aux courses. Les femmes se sont faites belles, les hommes se sont habill\u00e9s comme Albert Pr\u00e9jean, et ils ont bu ensemble des caf\u00e9s en terrasse ! Quelle r\u00e9v\u00e9lation ! Ils n\u2019ont pas tous r\u00e9sist\u00e9, l\u2019arme au poing, contre l\u2019envahisseur nazi ! <\/p>\n<p>Merci \u00e0 cette exposition de remettre un peu d\u2019ordre dans nos m\u00e9moires, et un peu de modestie dans notre r\u00e9\u00e9criture de notre histoire nationale\u2026<\/p>\n<p><strong>Biblioth\u00e8que historique de la Ville de Paris<\/strong><br \/>\n22, rue Malher (4e), jusqu\u2019au 30 juin<\/p>\n<p><em><strong>Les Parisiens sous l\u2019occupation, photographies en couleurs D\u2019andr\u00e9 Zucca<\/strong><\/em><br \/>\npr\u00e9face de Jean-Pierre Az\u00e9ma<br \/>\nGallimard<\/p>\n","protected":false},"excerpt":{"rendered":"<p>Hollywood le sait bien : on filme le pr\u00e9sent en couleurs, et le pass\u00e9 en noir et blanc. C\u2019est pourquoi il fallait absolument aller voir l\u2019exposition \u00ab Des Parisiens sous l\u2019Occupation \u00bb ou jeter un \u0153il sur le livre tir\u00e9 de l\u2019exposition. Passons sur le \u00ab scandale \u00bb la querelle byzantine dont le PS a [&hellip;]<\/p>\n","protected":false},"author":4,"featured_media":0,"comment_status":"open","ping_status":"open","sticky":false,"template":"","format":"standard","meta":{"footnotes":""},"categories":[8],"tags":[],"class_list":["post-252","post","type-post","status-publish","format-standard","hentry","category-le-professor-a-toujours-quelque-chose-a-dire"],"_links":{"self":[{"href":"https:\/\/www.cinefast.com\/index.php?rest_route=\/wp\/v2\/posts\/252","targetHints":{"allow":["GET"]}}],"collection":[{"href":"https:\/\/www.cinefast.com\/index.php?rest_route=\/wp\/v2\/posts"}],"about":[{"href":"https:\/\/www.cinefast.com\/index.php?rest_route=\/wp\/v2\/types\/post"}],"author":[{"embeddable":true,"href":"https:\/\/www.cinefast.com\/index.php?rest_route=\/wp\/v2\/users\/4"}],"replies":[{"embeddable":true,"href":"https:\/\/www.cinefast.com\/index.php?rest_route=%2Fwp%2Fv2%2Fcomments&post=252"}],"version-history":[{"count":0,"href":"https:\/\/www.cinefast.com\/index.php?rest_route=\/wp\/v2\/posts\/252\/revisions"}],"wp:attachment":[{"href":"https:\/\/www.cinefast.com\/index.php?rest_route=%2Fwp%2Fv2%2Fmedia&parent=252"}],"wp:term":[{"taxonomy":"category","embeddable":true,"href":"https:\/\/www.cinefast.com\/index.php?rest_route=%2Fwp%2Fv2%2Fcategories&post=252"},{"taxonomy":"post_tag","embeddable":true,"href":"https:\/\/www.cinefast.com\/index.php?rest_route=%2Fwp%2Fv2%2Ftags&post=252"}],"curies":[{"name":"wp","href":"https:\/\/api.w.org\/{rel}","templated":true}]}}