{"id":2455,"date":"2013-03-31T16:26:50","date_gmt":"2013-03-31T14:26:50","guid":{"rendered":"http:\/\/www.cinefast.com\/?p=2455"},"modified":"2013-03-31T16:26:50","modified_gmt":"2013-03-31T14:26:50","slug":"les-anonymes-un-pienghjite-micca","status":"publish","type":"post","link":"https:\/\/www.cinefast.com\/?p=2455","title":{"rendered":"Les Anonymes &#8211; \u00d9n&rsquo; pienghjite micca"},"content":{"rendered":"<p>On avait ador\u00e9 <strong>L&rsquo;Exercice de l&rsquo;\u00c9tat<\/strong>, on se jette sur Les Anonymes, de Pierre Schoeller. Mis \u00e0 part l&rsquo;accent marseillais &#8211; un peu rat\u00e9 &#8211; de Mathieu Amalric en Roger Marion, c&rsquo;est \u00e0 nouveau une copie parfaite.<\/p>\n<p>L&rsquo;arrestation, la garde \u00e0 vue a rarement \u00e9t\u00e9 aussi bien film\u00e9, au cin\u00e9ma et a fortiori \u00e0 la t\u00e9l\u00e9. Schoeller m\u00e9lange les formes (documentaire, t\u00e9moignage, fiction, images d&rsquo;archives, flashback) avec fluidit\u00e9, pour expliquer comment on en est arriv\u00e9s l\u00e0 : les magouilles du gouvernement pour jeter la discorde dans le mouvement nationaliste, la constitution &#8211; un peu en amateur &#8211; du commando des meurtriers de Claude Erignac, la violence psychologique, et parfois physique, de la garde \u00e0 vue, tout cela est film\u00e9 de mani\u00e8re tr\u00e8s cru. A la fin, les hommes, bris\u00e9s (notamment par leurs femmes), avouent tout et balancent Yvan Colonna. Cette partie est passionnante, car  fonci\u00e8rement corse. Si Colonna est un homme d&rsquo;honneur, il doit revendiquer le meurtre. Sous entendu : comme il ne le fait pas, il n\u2019est pas un homme d&rsquo;honneur, donc on n&rsquo;a pas \u00e0 le disculper&#8230; Pour des explications plus d\u00e9taill\u00e9es, consultez le Framekeeper, l\u2019antenne corse de Cinefast.<\/p>\n<p>Passionnant, tr\u00e8s bien jou\u00e9 (Olivier Gourmet, Karole Rocher, Jean-Philippe Ricci, Pierre Alessandri), artistiquement film\u00e9 : que demande le CineFaster ?<\/p>\n","protected":false},"excerpt":{"rendered":"<p>On avait ador\u00e9 L&rsquo;Exercice de l&rsquo;\u00c9tat, on se jette sur Les Anonymes, de Pierre Schoeller. Mis \u00e0 part l&rsquo;accent marseillais &#8211; un peu rat\u00e9 &#8211; de Mathieu Amalric en Roger Marion, c&rsquo;est \u00e0 nouveau une copie parfaite. L&rsquo;arrestation, la garde \u00e0 vue a rarement \u00e9t\u00e9 aussi bien film\u00e9, au cin\u00e9ma et a fortiori \u00e0 la [&hellip;]<\/p>\n","protected":false},"author":4,"featured_media":0,"comment_status":"open","ping_status":"open","sticky":false,"template":"","format":"standard","meta":{"footnotes":""},"categories":[3,6],"tags":[],"class_list":["post-2455","post","type-post","status-publish","format-standard","hentry","category-les-films","category-series-tv"],"_links":{"self":[{"href":"https:\/\/www.cinefast.com\/index.php?rest_route=\/wp\/v2\/posts\/2455","targetHints":{"allow":["GET"]}}],"collection":[{"href":"https:\/\/www.cinefast.com\/index.php?rest_route=\/wp\/v2\/posts"}],"about":[{"href":"https:\/\/www.cinefast.com\/index.php?rest_route=\/wp\/v2\/types\/post"}],"author":[{"embeddable":true,"href":"https:\/\/www.cinefast.com\/index.php?rest_route=\/wp\/v2\/users\/4"}],"replies":[{"embeddable":true,"href":"https:\/\/www.cinefast.com\/index.php?rest_route=%2Fwp%2Fv2%2Fcomments&post=2455"}],"version-history":[{"count":1,"href":"https:\/\/www.cinefast.com\/index.php?rest_route=\/wp\/v2\/posts\/2455\/revisions"}],"predecessor-version":[{"id":2456,"href":"https:\/\/www.cinefast.com\/index.php?rest_route=\/wp\/v2\/posts\/2455\/revisions\/2456"}],"wp:attachment":[{"href":"https:\/\/www.cinefast.com\/index.php?rest_route=%2Fwp%2Fv2%2Fmedia&parent=2455"}],"wp:term":[{"taxonomy":"category","embeddable":true,"href":"https:\/\/www.cinefast.com\/index.php?rest_route=%2Fwp%2Fv2%2Fcategories&post=2455"},{"taxonomy":"post_tag","embeddable":true,"href":"https:\/\/www.cinefast.com\/index.php?rest_route=%2Fwp%2Fv2%2Ftags&post=2455"}],"curies":[{"name":"wp","href":"https:\/\/api.w.org\/{rel}","templated":true}]}}