{"id":2330,"date":"2013-01-20T17:32:19","date_gmt":"2013-01-20T15:32:19","guid":{"rendered":"http:\/\/www.cinefast.com\/?p=2330"},"modified":"2015-12-13T16:03:23","modified_gmt":"2015-12-13T15:03:23","slug":"arletty","status":"publish","type":"post","link":"https:\/\/www.cinefast.com\/?p=2330","title":{"rendered":"Arletty"},"content":{"rendered":"<p>J&rsquo;ai toujours aim\u00e9 Arletty. Aussi loin que je me souvienne, c&rsquo;est \u00e0 dire vers 15 ans, quand j&rsquo;ai d\u00e9couvert la gouaille de Loulou dans <strong>Fric Frac<\/strong>*, la col\u00e8re rentr\u00e9e de Raymonde dans <strong>H\u00f4tel du Nord<\/strong>**, et \u00e9videmment, la sinc\u00e9rit\u00e9 triste de Garance dans <strong><a href=\"http:\/\/www.cinefast.com\/?p=2241\">Les Enfants du Paradis<\/a><\/strong>***. <\/p>\n<p>Je viens de lire son autoportrait, judicieusement baptis\u00e9e <em>La D\u00e9fense<\/em> (elle est n\u00e9e \u00e0 Courbevoie, comme son ami C\u00e9line), et je l&rsquo;aime encore plus. Repr\u00e9sentante \u00e9ternelle de la petite fran\u00e7aise type, pas forc\u00e9ment tr\u00e8s belle, mais charmante, marrante, et pas la langue dans la poche. L&rsquo;esprit &#8211; et la s\u00e9duction &#8211; \u00e0 la fran\u00e7aise.<\/p>\n<p>Dans son livre, elle ne cache rien, ni la semi-prostitution des d\u00e9buts, ni ses d\u00e9marrages peu glorieux dans le mannequinat****, les revues comiques, le cabaret, et le th\u00e9\u00e2tre populaire. O\u00f9, au passage, les textes \u00e9taient tr\u00e8s os\u00e9s, pleins de sous-entendus. <\/p>\n<p>Arletty ne cherche pas \u00e0 embellir la r\u00e9alit\u00e9 (elle n&rsquo;a pas \u00e9t\u00e9 gentille avec tout le monde), ni \u00e0 \u00e9luder ses probl\u00e8mes \u00e0 la Lib\u00e9ration***** : elle avait pour amant un officier allemand, et a toujours affich\u00e9 son m\u00e9pris (m\u00eame apr\u00e8s) pour De Gaulle, et ses coll\u00e8gues com\u00e9diens qui avaient fui la France et revenaient comme \u00ab r\u00e9sistants \u00bb.<\/p>\n<p>On ressort de cette confession, \u00e0 la fois peu \u00e9crite (des bouts de phrase, fa\u00e7on C\u00e9line) mais finalement tr\u00e8s litt\u00e9raire, avec l&rsquo;impression d\u2019avoir accompagn\u00e9 une femme dans une trajectoire de vie, de la petite fille espi\u00e8gle \u00e0 la jeune femme s\u00e9duisante, de la femme de pouvoir \u00e0 la vieille dame indigne.<\/p>\n<p>La vie d&rsquo;Arlette ferait un formidable biopic. Et, surtout, les dialogues seraient de Jeanson.<\/p>\n<p><em>Arletty<br \/>\nLa d\u00e9fense, autoportrait<br \/>\nEditions Ramsay cinema<\/p>\n<p>* \u00ab Vous nous prenez pour des caves ! \u00bb<br \/>\n** \u00ab Atmosph\u00e8re ! Atmosph\u00e8re ? Est-ce que j&rsquo;ai une gueule d&rsquo;atmosph\u00e8re ??? \u00bb<br \/>\n***  \u00ab C&rsquo;est tellement simple, l&rsquo;amour \u00bb<br \/>\n**** On offrait d\u00e9j\u00e0 moult cadeaux aux actrices (on dirait sponsoring aujourd&rsquo;hui)<br \/>\n***** \u00ab Comment vous sentez vous ? \u00bb lui demande-t-on en prison. Elle r\u00e9pond : \u00ab Pas tr\u00e8s r\u00e9sistante. \u00bb<\/em><\/p>\n","protected":false},"excerpt":{"rendered":"<p>J&rsquo;ai toujours aim\u00e9 Arletty. Aussi loin que je me souvienne, c&rsquo;est \u00e0 dire vers 15 ans, quand j&rsquo;ai d\u00e9couvert la gouaille de Loulou dans Fric Frac*, la col\u00e8re rentr\u00e9e de Raymonde dans H\u00f4tel du Nord**, et \u00e9videmment, la sinc\u00e9rit\u00e9 triste de Garance dans Les Enfants du Paradis***. Je viens de lire son autoportrait, judicieusement baptis\u00e9e [&hellip;]<\/p>\n","protected":false},"author":4,"featured_media":0,"comment_status":"open","ping_status":"open","sticky":false,"template":"","format":"standard","meta":{"footnotes":""},"categories":[9,2],"tags":[],"class_list":["post-2330","post","type-post","status-publish","format-standard","hentry","category-hollywood-gossip","category-les-gens"],"_links":{"self":[{"href":"https:\/\/www.cinefast.com\/index.php?rest_route=\/wp\/v2\/posts\/2330","targetHints":{"allow":["GET"]}}],"collection":[{"href":"https:\/\/www.cinefast.com\/index.php?rest_route=\/wp\/v2\/posts"}],"about":[{"href":"https:\/\/www.cinefast.com\/index.php?rest_route=\/wp\/v2\/types\/post"}],"author":[{"embeddable":true,"href":"https:\/\/www.cinefast.com\/index.php?rest_route=\/wp\/v2\/users\/4"}],"replies":[{"embeddable":true,"href":"https:\/\/www.cinefast.com\/index.php?rest_route=%2Fwp%2Fv2%2Fcomments&post=2330"}],"version-history":[{"count":2,"href":"https:\/\/www.cinefast.com\/index.php?rest_route=\/wp\/v2\/posts\/2330\/revisions"}],"predecessor-version":[{"id":3871,"href":"https:\/\/www.cinefast.com\/index.php?rest_route=\/wp\/v2\/posts\/2330\/revisions\/3871"}],"wp:attachment":[{"href":"https:\/\/www.cinefast.com\/index.php?rest_route=%2Fwp%2Fv2%2Fmedia&parent=2330"}],"wp:term":[{"taxonomy":"category","embeddable":true,"href":"https:\/\/www.cinefast.com\/index.php?rest_route=%2Fwp%2Fv2%2Fcategories&post=2330"},{"taxonomy":"post_tag","embeddable":true,"href":"https:\/\/www.cinefast.com\/index.php?rest_route=%2Fwp%2Fv2%2Ftags&post=2330"}],"curies":[{"name":"wp","href":"https:\/\/api.w.org\/{rel}","templated":true}]}}