{"id":1370,"date":"2011-10-13T12:04:38","date_gmt":"2011-10-13T10:04:38","guid":{"rendered":"http:\/\/www.cinefast.com\/?p=1370"},"modified":"2013-07-06T12:16:26","modified_gmt":"2013-07-06T10:16:26","slug":"the-social-network-la-bande-annonce","status":"publish","type":"post","link":"https:\/\/www.cinefast.com\/?p=1370","title":{"rendered":"The Social Network, la bande annonce"},"content":{"rendered":"<p>Depuis quelques jours, me voil\u00e0 pris d&rsquo;une fr\u00e9n\u00e9sie Facebookienne. Je regarde des bouts du film de Fincher chaque fois qu&rsquo;il passe sur Canal+, je me ballade sur Internet, glane de ci, de l\u00e0 des infos sur le sujet, et ai m\u00eame command\u00e9 au P\u00e8re No\u00ebl le bouquin qui a inspir\u00e9 le film*. C<a href=\"http:\/\/www.youtube.com\/watch?v=ROMpSC--KEI\">&lsquo;est ainsi que j&rsquo;ai d\u00e9nich\u00e9 le teaser<\/a>, qui m&rsquo;\u00e9tait un peu pass\u00e9 par dessus la t\u00eate \u00e0 la sortie du film.<\/p>\n<p>Eh bien, cette bande-annonce est un chef d&rsquo;\u0153uvre en soi. <\/p>\n<p>De quoi s&rsquo;agit-il ? D&rsquo;une simple enfilade de copies d&rsquo;\u00e9cran Facebook (\u00ab <em>accept <\/em>\u00bb, \u00ab <em>confirm <\/em>\u00bb, \u00ab <em>profil <\/em>\u00bb, \u00ab <em>statut <\/em>\u00bb, etc.) sur fond de <em>Creep<\/em>, la fabuleuse chanson de Radiohead, reprise par le ch\u0153ur d&rsquo;enfants de Scala.<\/p>\n<p>RAS donc, si ce n&rsquo;est le talent du monteur (Fincher ?) et l&rsquo;effet qu&rsquo;il produit sur le spectateur. Car ce que montre ce montage, c&rsquo;est tout simplement l&rsquo;enfilade de nos vies : naissance, mariage, enfants&#8230; mis en ligne sur le petit site malin de Mark Zuckerberg.<\/p>\n<p>Fincher joue comme d&rsquo;habitude sur tous les tableaux : le <em>feelgood <\/em>(qui n&rsquo;a pas envie, en effet, de pleurer sur sa propre vie, r\u00e9tr\u00e9cie sur une mis\u00e9rable minute ? sur cette musique a\u00e9rienne, sur ces clins d&rsquo;\u0153il entendus : \u00ab <em>c\u00e9libataire <\/em>\u00bb, puis \u00ab <em>en couple <\/em>\u00bb ? \u00ab <em>Confirm <\/em>\u00bb ?<\/p>\n<p>Cette trajectoire humaine, commune \u00e0 tous, ne peut \u00eatre que terriblement \u00e9mouvante&#8230;<\/p>\n<p>Terrifiante aussi. <\/p>\n<p>C&rsquo;est la deuxi\u00e8me couche du moraliste Fincher. Quelle mouche nous a donc piqu\u00e9 ? Mettre en ligne le moindre de nos faits et gestes ? Notre emploi du temps ? Nos pens\u00e9es ? Nos opinions ? Accessibles de tout un chacun : \u00ab <em>what do you have in mind ?<\/em> \u00bb.<\/p>\n<p>La r\u00e9ponse est \u00e9videmment dans la chanson, faussement m\u00e9lancolique, et tout simplement effroyable : <em>cause I&rsquo;m a creep, I&rsquo;m a weirdo\u2026<\/em><\/p>\n<p>Comme le personnage de Zuckerberg, comme le narrateur-creep de Thom Yorke, nous sommes plong\u00e9s ad <em>vitam aeternam <\/em>dans cette terrible qu\u00eate de reconnaissance. Exister aux yeux des autres, et appartenir \u00e0 quelque chose de plus grand que soi&#8230; <em>I want a perfect soul, I want a perfect body&#8230;<\/em><\/p>\n<p>En une minute, jamais bande-annonce n&rsquo;a aussi parfaitement saisi l&rsquo;essence d&rsquo;un film dont elle assurait la promotion. Et l\u2019essence de nos vie d\u00e9sormais facebookiennes\u2026 <\/p>\n<p><em>*La revanche d&rsquo;un solitaire &#8211; La v\u00e9ritable histoire du fondateur de Facebook, par Ben Mezrich           <\/em><\/p>\n","protected":false},"excerpt":{"rendered":"<p>Depuis quelques jours, me voil\u00e0 pris d&rsquo;une fr\u00e9n\u00e9sie Facebookienne. Je regarde des bouts du film de Fincher chaque fois qu&rsquo;il passe sur Canal+, je me ballade sur Internet, glane de ci, de l\u00e0 des infos sur le sujet, et ai m\u00eame command\u00e9 au P\u00e8re No\u00ebl le bouquin qui a inspir\u00e9 le film*. C&lsquo;est ainsi que [&hellip;]<\/p>\n","protected":false},"author":4,"featured_media":0,"comment_status":"open","ping_status":"open","sticky":false,"template":"","format":"standard","meta":{"footnotes":""},"categories":[8,3],"tags":[],"class_list":["post-1370","post","type-post","status-publish","format-standard","hentry","category-le-professor-a-toujours-quelque-chose-a-dire","category-les-films"],"_links":{"self":[{"href":"https:\/\/www.cinefast.com\/index.php?rest_route=\/wp\/v2\/posts\/1370","targetHints":{"allow":["GET"]}}],"collection":[{"href":"https:\/\/www.cinefast.com\/index.php?rest_route=\/wp\/v2\/posts"}],"about":[{"href":"https:\/\/www.cinefast.com\/index.php?rest_route=\/wp\/v2\/types\/post"}],"author":[{"embeddable":true,"href":"https:\/\/www.cinefast.com\/index.php?rest_route=\/wp\/v2\/users\/4"}],"replies":[{"embeddable":true,"href":"https:\/\/www.cinefast.com\/index.php?rest_route=%2Fwp%2Fv2%2Fcomments&post=1370"}],"version-history":[{"count":4,"href":"https:\/\/www.cinefast.com\/index.php?rest_route=\/wp\/v2\/posts\/1370\/revisions"}],"predecessor-version":[{"id":2594,"href":"https:\/\/www.cinefast.com\/index.php?rest_route=\/wp\/v2\/posts\/1370\/revisions\/2594"}],"wp:attachment":[{"href":"https:\/\/www.cinefast.com\/index.php?rest_route=%2Fwp%2Fv2%2Fmedia&parent=1370"}],"wp:term":[{"taxonomy":"category","embeddable":true,"href":"https:\/\/www.cinefast.com\/index.php?rest_route=%2Fwp%2Fv2%2Fcategories&post=1370"},{"taxonomy":"post_tag","embeddable":true,"href":"https:\/\/www.cinefast.com\/index.php?rest_route=%2Fwp%2Fv2%2Ftags&post=1370"}],"curies":[{"name":"wp","href":"https:\/\/api.w.org\/{rel}","templated":true}]}}