{"id":1248,"date":"2011-08-05T17:26:25","date_gmt":"2011-08-05T15:26:25","guid":{"rendered":"http:\/\/www.cinefast.com\/?p=1248"},"modified":"2014-12-07T19:06:57","modified_gmt":"2014-12-07T18:06:57","slug":"le-garcon-au-velo","status":"publish","type":"post","link":"https:\/\/www.cinefast.com\/?p=1248","title":{"rendered":"Le Gamin au V\u00e9lo"},"content":{"rendered":"<p>Allez, \u00e7a continue ! Malgr\u00e9 la Fatwa lanc\u00e9e par Faram el Keeper, St J\u00e9r\u00f4me, dit \u00ab\u00a0<em>le Serpent du Tout-Puissant<\/em>\u00a0\u00bb Michel le Vaillant, Ma\u00eetre du Temple de Saint-Jean d&rsquo;Acre depuis 1213, je brave l&rsquo;interdit : je vais voir mon premier Dardenne.<\/p>\n<p>Que les choses soient bien claires :<\/p>\n<p>&#8211; Je n&rsquo;ai rien contre le cin\u00e9ma fran\u00e7ais ; malgr\u00e9 les chroniques comminatoires, injustes, \u00e0 charge, vachardes, m\u00e9prisantes, condescendantes dont j&rsquo;ai pu l&rsquo;affubler ici, j&rsquo;aime le cin\u00e9ma fran\u00e7ais. Celui de l&rsquo;Age d&rsquo;Or des ann\u00e9es 30-40, (<strong>Quai des Brumes, Les Enfants du Paradis, Le Jour se L\u00e8ve<\/strong>, &#8230;), celui des classiques des ann\u00e9es 50 (<strong>Les Diaboliques, La Travers\u00e9e de Paris<\/strong>&#8230;) Ou pas classiques (Godard and co&#8230;), celui des ann\u00e9es 60-70 (Rappeneau, Boisset&#8230;), des ann\u00e9es 80, ou d&rsquo;aujourd&rsquo;hui (Desplechin, Audiard, Klapisch&#8230;)<\/p>\n<p>&#8211; J&rsquo;aime le cin\u00e9ma d&rsquo;auteur : Fellini, Antonioni, Welles, Kubrick, Despleschin, Lynch, Fincher&#8230;<\/p>\n<p>&#8211; J&rsquo;aime la Belgique : Herg\u00e9, Brel, Simenon, Poelvoorde, Eddy Merxcx&#8230;<\/p>\n<p>Mais voil\u00e0, il faut le dire, le cin\u00e9ma des fr\u00e8res Dardenne (sur la base d&rsquo;un seul film, je le reconnais) est proche du degr\u00e9 z\u00e9ro de la performance artistique.<\/p>\n<p>Prenons un exemple ext\u00e9rieur, pour mieux nous faire comprendre; imaginons que l&rsquo;on demande \u00e0 des artistes de nous repr\u00e9senter un v\u00e9lo. Oui, un v\u00e9lo.<\/p>\n<p>Gainsborough* magnifierait la campagne anglaise en posant le v\u00e9lo le long d&rsquo;un chemin du Sussex. Roger van der Weyden ne peindrait que sept rayons au v\u00e9lo, voulant symboliser par l\u00e0 m\u00eame les Sept Vertus Cardinales, tandis que Georges de la Tour les peindrait tous, pour montrer comment le reflet d&rsquo;une bougie les affecte chacun diff\u00e9remment. Picasso dessinerait des roues carr\u00e9es, pour montrer l&rsquo;absurdit\u00e9 de la vie, et Damien Hirst d\u00e9truirait au bulldozer un v\u00e9lo par jour, pour d\u00e9noncer la soci\u00e9t\u00e9 de consommation&#8230; <\/p>\n<p>Tout \u00e7a, que vous l&rsquo;aimiez ou non, c&rsquo;est de l&rsquo;Art. C&rsquo;est un message, une position face \u00e0 la vie.<\/p>\n<p>Et les fr\u00e8res Dardenne, dans tout \u00e7a ? Les deux belges ach\u00e8tent un jetable chez l&rsquo;\u00e9picier du coin, prennent le v\u00e9lo en photo devant l&rsquo;\u00e9picerie et se barrent avec la caisse en hurlant \u00ab <em>Nous filmons la r\u00e9alit\u00e9 !!!<\/em> \u00bb <\/p>\n<p>Ce qui prouve qu&rsquo;ils n&rsquo;ont rien compris \u00e0 leur devoir d&rsquo;artiste. Si on filme la r\u00e9alit\u00e9, c&rsquo;est qu&rsquo;on fait du documentaire, ce qui est un autre &#8211; et noble &#8211; m\u00e9tier. Comme le disait Emmanuel Krivine, le cr\u00e9ateur du <strong>Village Fran\u00e7ais<\/strong>, \u00ab<em>On ne va pas au cin\u00e9ma voir comment les choses se sont exactement pass\u00e9es. <\/em> \u00bb.<\/p>\n<p>Aucun point de vue, aucun message, aucune esp\u00e8ce de travail sur l&rsquo;image, le son, le cadrage, le jeu d&rsquo;acteur : le cin\u00e9ma des Dardenne, c&rsquo;est en fait une ode \u00e0 la fain\u00e9antise. Je d\u00e9teste habituellement cette phrase, mais ici elle s&rsquo;applique parfaitement : \u00ab <em>N&rsquo;importe qui pourrait faire pareil<\/em> \u00bb. Essayez ! Prenez votre iPhone, trois-quatre copains, un v\u00e9lo, un gosse, je vous jure que vous faites le m\u00eame film.<\/p>\n<p>Il y a pourtant de quoi faire dans le sujet : l&rsquo;abandon d&rsquo;enfant, le d\u00e9sir maternel, le recrutement des petites mains par les ca\u00efds des banlieues&#8230; Il y a aussi des pointures (C\u00e9cile de France, J\u00e9r\u00e9mie R\u00e9gnier) mais non, les frangins posent leur cam\u00e9ra, \u00e7a tourne, elle est bonne&#8230;<\/p>\n<p>Ce cin\u00e9ma de l&rsquo;inutile que nous propose les fr\u00e8res Dardenne ne vise en r\u00e9alit\u00e9 qu&rsquo;un seul public, celui du cin\u00e9ma lui-m\u00eame, celui qui s&rsquo;accorde des subventions (\u00ab\u00a0banlieue\u00a0\u00bb-\u00ab\u00a0enfance\u00a0\u00bb-\u00ab\u00a0r\u00e9demption\u00a0\u00bb \u00e9tant les mots de passe pour acc\u00e9der \u00e0 l&rsquo;Avance sur Recettes), et qui s&rsquo;autocongratule dans le monde clos des c\u00e9l\u00e9brations professionnelles (C\u00e9sar des Ours de la Mostra des Alpes Maritimes)&#8230; Un monde o\u00f9 l&rsquo;on peut donner deux palmes d\u00e9j\u00e0 aux fr\u00e8res Dardenne, mais z\u00e9ro \u00e0 Kubrick, z\u00e9ro \u00e0 Welles, Bergman, Truffaut, etc.<\/p>\n<p>Pas de quoi s&rsquo;\u00e9nerver, donc, car justice est d\u00e9j\u00e0 faite : les films des fr\u00e8res Dardenne n&rsquo;ont jamais rencontr\u00e9 de succ\u00e8s public, ne passent pas \u00e0 la t\u00e9l\u00e9 (odieux complot contre la Culture), et seront vite oubli\u00e9s comme de mauvais jambon-beurre de supermarch\u00e9&#8230;<\/p>\n<p>Les artistes officiels finissent toujours \u00e0 la poubelle&#8230;<\/p>\n<p><em>*Je sais, Gainsborough n&rsquo;avait pas de v\u00e9lo&#8230;<\/em><\/p>\n","protected":false},"excerpt":{"rendered":"<p>Allez, \u00e7a continue ! Malgr\u00e9 la Fatwa lanc\u00e9e par Faram el Keeper, St J\u00e9r\u00f4me, dit \u00ab\u00a0le Serpent du Tout-Puissant\u00a0\u00bb Michel le Vaillant, Ma\u00eetre du Temple de Saint-Jean d&rsquo;Acre depuis 1213, je brave l&rsquo;interdit : je vais voir mon premier Dardenne. Que les choses soient bien claires : &#8211; Je n&rsquo;ai rien contre le cin\u00e9ma fran\u00e7ais [&hellip;]<\/p>\n","protected":false},"author":4,"featured_media":0,"comment_status":"open","ping_status":"open","sticky":false,"template":"","format":"standard","meta":{"footnotes":""},"categories":[3,2,7],"tags":[],"class_list":["post-1248","post","type-post","status-publish","format-standard","hentry","category-les-films","category-les-gens","category-pour-en-finir-avec"],"_links":{"self":[{"href":"https:\/\/www.cinefast.com\/index.php?rest_route=\/wp\/v2\/posts\/1248","targetHints":{"allow":["GET"]}}],"collection":[{"href":"https:\/\/www.cinefast.com\/index.php?rest_route=\/wp\/v2\/posts"}],"about":[{"href":"https:\/\/www.cinefast.com\/index.php?rest_route=\/wp\/v2\/types\/post"}],"author":[{"embeddable":true,"href":"https:\/\/www.cinefast.com\/index.php?rest_route=\/wp\/v2\/users\/4"}],"replies":[{"embeddable":true,"href":"https:\/\/www.cinefast.com\/index.php?rest_route=%2Fwp%2Fv2%2Fcomments&post=1248"}],"version-history":[{"count":5,"href":"https:\/\/www.cinefast.com\/index.php?rest_route=\/wp\/v2\/posts\/1248\/revisions"}],"predecessor-version":[{"id":3429,"href":"https:\/\/www.cinefast.com\/index.php?rest_route=\/wp\/v2\/posts\/1248\/revisions\/3429"}],"wp:attachment":[{"href":"https:\/\/www.cinefast.com\/index.php?rest_route=%2Fwp%2Fv2%2Fmedia&parent=1248"}],"wp:term":[{"taxonomy":"category","embeddable":true,"href":"https:\/\/www.cinefast.com\/index.php?rest_route=%2Fwp%2Fv2%2Fcategories&post=1248"},{"taxonomy":"post_tag","embeddable":true,"href":"https:\/\/www.cinefast.com\/index.php?rest_route=%2Fwp%2Fv2%2Ftags&post=1248"}],"curies":[{"name":"wp","href":"https:\/\/api.w.org\/{rel}","templated":true}]}}