{"id":1126,"date":"2011-05-09T11:31:48","date_gmt":"2011-05-09T09:31:48","guid":{"rendered":"http:\/\/www.cinefast.com\/?p=1126"},"modified":"2011-05-09T11:31:48","modified_gmt":"2011-05-09T09:31:48","slug":"le-jour-le-plus-long","status":"publish","type":"post","link":"https:\/\/www.cinefast.com\/?p=1126","title":{"rendered":"Le Jour le Plus Long"},"content":{"rendered":"<p>Enfant, j&rsquo;ai trois souvenirs de cin\u00e9ma : le premier, c&rsquo;est <strong>Les Aventures de Bernard et Bianca<\/strong>, en salle &#8211; \u00e0 Paris ! &#8211; avec mon parrain et ma marraine. Ensuite c&rsquo;est <strong>Cl\u00e9op\u00e2tre<\/strong>, \u00e0 la t\u00e9l\u00e9, alors que j&rsquo;\u00e9tais cens\u00e9 \u00eatre couch\u00e9. Et ensuite, c&rsquo;est les films de guerre, avec papa, au cin\u00e9ma de Dourdan.<\/p>\n<p>Probablement qu&rsquo;il ne se for\u00e7ait pas trop pour y aller, mais il n\u2019en demeure pas moins qu\u2019il m\u2019a emmen\u00e9 en voir beaucoup : <strong>Le Pont de la Rivi\u00e8re Kwai, Les Canons de Navaronne<\/strong>, et <strong>Le Jour le Plus Long<\/strong>. C&rsquo;est \u00e0 mon tour, maintenant, de montrer le film de Daryl Zanuck, au Professorino. Je ne me force pas trop non plus. <\/p>\n<p>Avouons-le, <strong>Le Jour le Plus Long <\/strong>est un film nul. Ce qui passe dans le livre (une suite d&rsquo;anecdotes tour \u00e0 tour croustillantes ou \u00e9mouvantes) ne passe pas du tout en film. Pas de d\u00e9but, pas d&rsquo;enjeux, pas de fin. Juste un d\u00e9fil\u00e9 insupportable de cabotinages anglo-am\u00e9ricano-franco-allemands.<\/p>\n<p>Et surtout, une belle dose de propagande yankee. <\/p>\n<p>Dans le film, les allemands sont b\u00eates, disciplin\u00e9s, et antinazis \u00e9videmment (Guerre Froide oblige, il faut se r\u00e9concilier avec l\u2019ennemi d&rsquo;hier, qui gardent maintenant le Rideau de Fer). Les allemands n&rsquo;ont pas pr\u00e9vu le d\u00e9barquement, les allemands sont mal organis\u00e9s, les allemands ne veulent pas r\u00e9veiller le F\u00fchrer. <\/p>\n<p>Rien n&rsquo;est moins vrai, bien s\u00fbr. On sait aujourd&rsquo;hui que les allemands se doutaient d&rsquo;un possible d\u00e9barquement en Normandie, mais qu&rsquo;ils n&rsquo;y ont pas cru le 6 juin, et que leur objectif principal \u00e9tait de rejeter les  alli\u00e9s \u00e0 la mer, ce qu\u2019ils ont failli faire. Car contrairement \u00e0 la l\u00e9gende propag\u00e9e par les films am\u00e9ricains des ann\u00e9es 60, les allemands se sont battus avec courage et acharnement. Pendant tout le mois de juin dans le bocage, ils ont inflig\u00e9 de lourdes pertes aux anglais et aux am\u00e9ricains, et d\u00e9sorganisant gravement le ravitaillement alli\u00e9.<\/p>\n<p>\u00c7a, \u00e9videmment, <strong>Le Jour le Plus Long <\/strong>n&rsquo;en parle pas, tant il se concentre sur l&rsquo;enfilage de perles, c&rsquo;est \u00e0 dire les actions h\u00e9ro\u00efques isol\u00e9es. Ainsi les fran\u00e7ais (Bourvil, Jean-Louis Barrault, George Wilson) sont r\u00e9sistants et concons, les anglais, courageux mais un peu coinc\u00e9s, les \u00e9cossais t\u00eates br\u00fbl\u00e9es, les portugais sont gais, les espagnols sont gnols\u2026. et les am\u00e9ricains&#8230; courageux et cools. On m\u00e2che du chewing gum, on balance des vannes (John Wayne, Mitchum), et surtout : on n&rsquo;attache pas son casque !! Sommet de la coolitude ! Si j&rsquo;ai appris quelque chose dans les cinquante semaines que j&rsquo;ai pass\u00e9 dans cette v\u00e9n\u00e9rable institution qu\u2019est l\u2019arm\u00e9e francaise, c&rsquo;est qu&rsquo;on attache son PUTTTTAAIN de casque !<\/p>\n<p>Moralit\u00e9, le gratin d&rsquo;Hollywood passe trois heures \u00e0 mettre son casque, enlever son casque, ramasser son casque, remettre son casque\u2026 Rires garantis\u2026<\/p>\n<p>Passez donc votre chemin, m\u00eame si, comme moi, la nostalgie vous y a pouss\u00e9. <\/p>\n","protected":false},"excerpt":{"rendered":"<p>Enfant, j&rsquo;ai trois souvenirs de cin\u00e9ma : le premier, c&rsquo;est Les Aventures de Bernard et Bianca, en salle &#8211; \u00e0 Paris ! &#8211; avec mon parrain et ma marraine. Ensuite c&rsquo;est Cl\u00e9op\u00e2tre, \u00e0 la t\u00e9l\u00e9, alors que j&rsquo;\u00e9tais cens\u00e9 \u00eatre couch\u00e9. Et ensuite, c&rsquo;est les films de guerre, avec papa, au cin\u00e9ma de Dourdan. Probablement [&hellip;]<\/p>\n","protected":false},"author":4,"featured_media":0,"comment_status":"open","ping_status":"open","sticky":false,"template":"","format":"standard","meta":{"footnotes":""},"categories":[5,3,7],"tags":[],"class_list":["post-1126","post","type-post","status-publish","format-standard","hentry","category-a-votre-vod","category-les-films","category-pour-en-finir-avec"],"_links":{"self":[{"href":"https:\/\/www.cinefast.com\/index.php?rest_route=\/wp\/v2\/posts\/1126","targetHints":{"allow":["GET"]}}],"collection":[{"href":"https:\/\/www.cinefast.com\/index.php?rest_route=\/wp\/v2\/posts"}],"about":[{"href":"https:\/\/www.cinefast.com\/index.php?rest_route=\/wp\/v2\/types\/post"}],"author":[{"embeddable":true,"href":"https:\/\/www.cinefast.com\/index.php?rest_route=\/wp\/v2\/users\/4"}],"replies":[{"embeddable":true,"href":"https:\/\/www.cinefast.com\/index.php?rest_route=%2Fwp%2Fv2%2Fcomments&post=1126"}],"version-history":[{"count":1,"href":"https:\/\/www.cinefast.com\/index.php?rest_route=\/wp\/v2\/posts\/1126\/revisions"}],"predecessor-version":[{"id":1127,"href":"https:\/\/www.cinefast.com\/index.php?rest_route=\/wp\/v2\/posts\/1126\/revisions\/1127"}],"wp:attachment":[{"href":"https:\/\/www.cinefast.com\/index.php?rest_route=%2Fwp%2Fv2%2Fmedia&parent=1126"}],"wp:term":[{"taxonomy":"category","embeddable":true,"href":"https:\/\/www.cinefast.com\/index.php?rest_route=%2Fwp%2Fv2%2Fcategories&post=1126"},{"taxonomy":"post_tag","embeddable":true,"href":"https:\/\/www.cinefast.com\/index.php?rest_route=%2Fwp%2Fv2%2Ftags&post=1126"}],"curies":[{"name":"wp","href":"https:\/\/api.w.org\/{rel}","templated":true}]}}